{"id":43950,"date":"2019-04-24T13:50:33","date_gmt":"2019-04-24T16:50:33","guid":{"rendered":"https:\/\/www.actualidadadiario.com\/?p=43950"},"modified":"2019-05-06T20:55:41","modified_gmt":"2019-05-06T23:55:41","slug":"diputados-inicio-el-debate-de-la-ley-de-gondolas-y-podria-llegar-el-8-de-mayo-al-recinto","status":"publish","type":"post","link":"https:\/\/www.actualidadadiario.com\/index.php\/2019\/04\/24\/diputados-inicio-el-debate-de-la-ley-de-gondolas-y-podria-llegar-el-8-de-mayo-al-recinto\/","title":{"rendered":"Diputados inici\u00f3 el debate de la ley de G\u00f3ndolas y podr\u00eda llegar el 8 de mayo al recinto"},"content":{"rendered":"\n<p><strong><em>Se debatieron tres iniciativas, presentadas por las diputadas Elisa Carri\u00f3 (CC-Cambiemos) y Marcela Passo (Frente Renovador) y la tercera por la CTEP de Juan Grabois<\/em><\/strong><\/p>\n\n\n\n<p><\/p>\n\n\n\n<p><\/p>\n\n\n\n<p>El debate en torno a una ley de G\u00f3ndolas arranc\u00f3 este martes\nen la C\u00e1mara de Diputados, y hubo preacuerdo entre el oficialismo y la\noposici\u00f3n para que el tema se vote en la sesi\u00f3n prevista para el 8 de mayo.<\/p>\n\n\n\n<p>Sin esperar la venia del Gobierno, diputados de Cambiemos\ncedieron a las presiones de la oposici\u00f3n y aceptaron dar preferencia al tema en\nla sesi\u00f3n ordinaria de este mi\u00e9rcoles para que el 8 de mayo pueda votarse por\nmayor\u00eda simple de los votos.<\/p>\n\n\n\n<p>La largada del debate tuvo lugar en una sesi\u00f3n informativa\nde la comisi\u00f3n de Defensa del Consumidor, del Usuario y de la Competencia,\npresidida por la diputada massista Marcela Passo: all\u00ed se confirmaron los giros\nadicionales a las comisiones de Legislaci\u00f3n Penal y de Comercio.<\/p>\n\n\n\n<p>Ante esta modificaci\u00f3n en la din\u00e1mica del tratamiento de\nesta iniciativa que busca combatir la concentraci\u00f3n y mejorar la competencia de\nproductos en las bocas de expendio, la oposici\u00f3n no ocult\u00f3 su desconfianza e\nintensific\u00f3 el reclamo para que el tema sea discutido a la brevedad.<\/p>\n\n\n\n<p>La idea en la que avanzaron el oficialismo y la oposici\u00f3n es\npasar a discutir el tema en un plenario de comisiones y avanzar en un dictamen\nunificado sobre la base de los seis proyectos presentados.<\/p>\n\n\n\n<p>Los principales son el de la l\u00edder de la Coalici\u00f3n C\u00edvica\nElisa Carri\u00f3, el de la propia Passo (Frente Renovador), el de Juan Cabandi\u00e9\n(Frente para la Victoria), y el texto que impulsan de manera conjunta el Frente\nPatria Grande de Juan Grabois con el due\u00f1o de Maxiconsumo, V\u00edctor Fera.<\/p>\n\n\n\n<p>La iniciativa de Carri\u00f3 propone incentivar la competencia\npor intermedio de la fijaci\u00f3n un tope del 20% en la participaci\u00f3n de un\nproducto sobre el espacio disponible total de la g\u00f3ndola que comparte con otros\nart\u00edculos similares.<\/p>\n\n\n\n<p>La propuesta de Cabandi\u00e9 es similar pero establece un m\u00e1ximo\nde espacio de exhibici\u00f3n para una marca de 15%.<\/p>\n\n\n\n<p>En el caso del proyecto de Fera y Grabois, que fue\npresentado en la C\u00e1mara baja por el mendocino Jos\u00e9 Luis Ram\u00f3n, la propuesta es\nque los supermercados est\u00e9n obligados a ofrecer como m\u00ednimo cinco proveedores\npor rubro, y que el mayor de ellos no pueda acaparar m\u00e1s del 30% del espacio de\nventa que poseen en las g\u00f3ndolas.<\/p>\n\n\n\n<p>Presente en el debate, Fera denunci\u00f3 que &#8220;10 empresas\nde adue\u00f1aron de las g\u00f3ndolas y est\u00e1n vendiendo a precios exorbitantes&#8221;, y\nadvirti\u00f3 que &#8220;no se puede tener competencia real con productos\nescondidos&#8221;.<\/p>\n\n\n\n<p>El empresario, que adem\u00e1s de Maxiconsumo es due\u00f1o de la\nl\u00ednea de productos Marolio, vaticin\u00f3 que a partir de un proyecto como el que \u00e9l\npropone &#8220;van a bajar los precios, multiplicarse las marcas y se van a\ngenerar puestos de trabajo en pymes&#8221;.<\/p>\n\n\n\n<p>Por su parte, Cabandi\u00e9 carg\u00f3 contra el Gobierno al que acus\u00f3\nde no creer en este tipo de instrumentos.<\/p>\n\n\n\n<p>&#8220;La visi\u00f3n de muchos integrantes del Gobierno es que\nesto es intervencionismo estatizante. S\u00e9 que muchos de ustedes piensan que esto\nes una medida estalinista, y que el Estado no debe intervenir en los flujos de\nla oferta y la demanda. Y por lo tanto, esto no va a salir. Ojal\u00e1 me equivoque\ny ustedes est\u00e9n a favor de esto&#8221;, plante\u00f3 el legislador kirchnerista, con\nuna dosis de escepticismo.<\/p>\n\n\n\n<p>A propuesta de la Asociaci\u00f3n de Empresarios Nacionales\n(ENAC), pidi\u00f3 incorporar a la regulaci\u00f3n el comercio electr\u00f3nico de alimentos y\ntambi\u00e9n incorporar un etiquetado en los productos que diga &#8220;compre\nnacional&#8221; para enfrentar la competencia de los importados.<\/p>\n\n\n\n<p>A su turno, la jefa del bloque del Frente Renovador,\nGraciela Cama\u00f1o, reclam\u00f3 al oficialismo un compromiso para llevar el dictamen\nde este proyecto a la sesi\u00f3n prevista para el 8 de mayo, ya que se espera que a\npartir de esa fecha el Congreso entre en estado vegetativo hasta despu\u00e9s de las\nelecciones PASO del 11 de agosto.<\/p>\n\n\n\n<p>El presidente de Legislaci\u00f3n General, Daniel Lipovetzky,\ncarg\u00f3 las tintas contra el kirchnerismo por no haber aplicado la ley de\nCompetencia durante sus doce a\u00f1os de gobierno, y contrast\u00f3 con &#8220;el\ncompromiso del oficialismo&#8221; de dar este debate ahora.<\/p>\n\n\n\n<p>&#8220;Me parec\u00eda importante estar aqu\u00ed ahora para demostrar\nque la voluntad (de Cambiemos) es trabajar en conjunto y llegar al recinto lo\nantes posible&#8221;, se\u00f1al\u00f3 el diputado macrista, en un gesto desafiante hacia\nel Gobierno, que todav\u00eda no dio luz verde al tratamiento.<\/p>\n\n\n\n<p>La discusi\u00f3n de las iniciativas tiene como trasfondo el\nlanzamiento del programa \u201cPrecios Esenciales\u201d, a trav\u00e9s del cual el Gobierno\nbusca controlar el valor de 64 alimentos por un plazo de seis meses.<\/p>\n\n\n\n<p>El debut de los precios congelados fue parcial: si bien\nten\u00eda que comenzar este lunes, el Gobierno advirti\u00f3 que habr\u00e1 que esperar una\nsemana m\u00e1s para acceder a la totalidad de productos incluidos en la lista.<\/p>\n\n\n\n<p>As\u00ed lo asegur\u00f3 el director nacional de Defensa del\nConsumidor, Fernando Blanco Mui\u00f1o, quien prometi\u00f3 la totalidad de los productos\nen g\u00f3ndola para el lunes 29 de abril.<\/p>\n\n\n\n<p>Este lunes, el presidente Mauricio Macri recibi\u00f3 en Casa\nRosada a una veintena de empresarios que forman parte del acuerdo, a quienes\nagradeci\u00f3 pero al mismo tiempo pidi\u00f3 respaldo a su bater\u00eda de medidas para\npaliar la coyuntura econ\u00f3mica.<\/p>\n\n\n\n<p>El Gobierno recibi\u00f3 a los hombres de negocios con la\naprobaci\u00f3n por decreto de la Ley de Lealtad Comercial, que se public\u00f3 en el\nBolet\u00edn Oficial y tiene por objetivo &#8220;asegurar la lealtad y transparencia\nen las relaciones comerciales y garantizar el acceso a informaci\u00f3n esencial\nsobre los productos y servicios comercializados&#8221;, con sanciones que van\ndesde multas hasta la clausura por 30 d\u00edas de los establecimientos.<\/p>\n","protected":false},"excerpt":{"rendered":"<p>Se debatieron tres iniciativas, presentadas por las diputadas Elisa Carri\u00f3 (CC-Cambiemos) y Marcela Passo (Frente Renovador) y la tercera por la CTEP de Juan Grabois El debate en torno a una ley de G\u00f3ndolas arranc\u00f3 este martes en la C\u00e1mara de Diputados, y hubo preacuerdo entre el oficialismo y la oposici\u00f3n para que el tema se vote en la sesi\u00f3n prevista para el 8 de mayo. Sin esperar la venia del Gobierno, diputados de Cambiemos cedieron a las presiones de la oposici\u00f3n y aceptaron dar preferencia al tema en la&#8230;<\/p>\n","protected":false},"author":3,"featured_media":43951,"comment_status":"closed","ping_status":"closed","sticky":false,"template":"","format":"standard","meta":[],"categories":[18],"tags":[],"_links":{"self":[{"href":"https:\/\/www.actualidadadiario.com\/index.php\/wp-json\/wp\/v2\/posts\/43950"}],"collection":[{"href":"https:\/\/www.actualidadadiario.com\/index.php\/wp-json\/wp\/v2\/posts"}],"about":[{"href":"https:\/\/www.actualidadadiario.com\/index.php\/wp-json\/wp\/v2\/types\/post"}],"author":[{"embeddable":true,"href":"https:\/\/www.actualidadadiario.com\/index.php\/wp-json\/wp\/v2\/users\/3"}],"replies":[{"embeddable":true,"href":"https:\/\/www.actualidadadiario.com\/index.php\/wp-json\/wp\/v2\/comments?post=43950"}],"version-history":[{"count":1,"href":"https:\/\/www.actualidadadiario.com\/index.php\/wp-json\/wp\/v2\/posts\/43950\/revisions"}],"predecessor-version":[{"id":43952,"href":"https:\/\/www.actualidadadiario.com\/index.php\/wp-json\/wp\/v2\/posts\/43950\/revisions\/43952"}],"wp:featuredmedia":[{"embeddable":true,"href":"https:\/\/www.actualidadadiario.com\/index.php\/wp-json\/wp\/v2\/media\/43951"}],"wp:attachment":[{"href":"https:\/\/www.actualidadadiario.com\/index.php\/wp-json\/wp\/v2\/media?parent=43950"}],"wp:term":[{"taxonomy":"category","embeddable":true,"href":"https:\/\/www.actualidadadiario.com\/index.php\/wp-json\/wp\/v2\/categories?post=43950"},{"taxonomy":"post_tag","embeddable":true,"href":"https:\/\/www.actualidadadiario.com\/index.php\/wp-json\/wp\/v2\/tags?post=43950"}],"curies":[{"name":"wp","href":"https:\/\/api.w.org\/{rel}","templated":true}]}}