{"id":43947,"date":"2019-04-24T13:49:53","date_gmt":"2019-04-24T16:49:53","guid":{"rendered":"https:\/\/www.actualidadadiario.com\/?p=43947"},"modified":"2019-05-06T20:56:00","modified_gmt":"2019-05-06T23:56:00","slug":"cristina-de-kirchner-en-primera-persona-las-frases-mas-destacadas-de-sinceramente-su-primer-libro","status":"publish","type":"post","link":"https:\/\/www.actualidadadiario.com\/index.php\/2019\/04\/24\/cristina-de-kirchner-en-primera-persona-las-frases-mas-destacadas-de-sinceramente-su-primer-libro\/","title":{"rendered":"Cristina de Kirchner, en primera persona: las frases m\u00e1s destacadas de &#8220;Sinceramente&#8221;, su primer libro"},"content":{"rendered":"\n<p><strong><em>&#8220;Sinceramente&#8221;, de Editorial Sudamericana sale a la venta el 26 de abril. Lo presenta en la Feria del Libro el 9 de mayo<\/em><\/strong><\/p>\n\n\n\n<p><\/p>\n\n\n\n<p><\/p>\n\n\n\n<p>El 26 de abril sale a la venta el primer libro con autor\u00eda\nde la expresidenta Cristina de Kirchner. Si bien no es una biograf\u00eda, s\u00ed repasa\nparte de su vida personal y su paso por la historia pol\u00edtica argentina. \u201cEste\nlibro no es autobiogr\u00e1fico ni tampoco una enumeraci\u00f3n de logros personales o\npol\u00edticos, es una mirada y una reflexi\u00f3n retrospectiva para desentra\u00f1ar algunos\nhechos y cap\u00edtulos de la historia reciente y c\u00f3mo han impactado en la vida de\nlos argentinos y en la m\u00eda tambi\u00e9n&#8221;, asegura la exmandataria en\n\u201cSinceramente\u201d, de Editorial Sudamericana.<\/p>\n\n\n\n<p>La causa AMIA, la muerte de Nisman; su relaci\u00f3n con Jorge\nBergoglio antes y despu\u00e9s de convertirse en Papa; la estatizaci\u00f3n de las AFJP;\nel origen de su patrimonio y m\u00e1s forman parte de las 600 p\u00e1ginas de la obra que\nser\u00e1 presentada el 9 de mayo en la Feria del Libro de Buenos Aires.<\/p>\n\n\n\n<p><strong>Estos son algunos de\nlos temas y textuales m\u00e1s destacados:<\/strong><\/p>\n\n\n\n<p><strong>El d\u00eda despu\u00e9s<\/strong><\/p>\n\n\n\n<p>&#8220;Hubo una decisi\u00f3n m\u00eda de retirarme porque sent\u00eda que\ntodo hab\u00eda sido muy vertiginoso, tal vez demasiado intenso. Necesit\u00e1bamos todos\ndescansar: yo de los argentinos y los argentinos de m\u00ed. Porque gobernar este\npa\u00eds? \u00a1Mamita!&#8221;.<\/p>\n\n\n\n<p><strong>Macri<\/strong><\/p>\n\n\n\n<p>&#8220;Si alguien me pidiera que definiera a Mauricio Macri\nen una sola palabra, la \u00fanica que se me ocurre es: caos. Mauricio Macri es el\ncaos y por eso creo firmemente que hay que volver a ordenar la Argentina&#8221;.<\/p>\n\n\n\n<p><strong>El fracaso del PRO<\/strong><\/p>\n\n\n\n<p>&#8220;Macri podr\u00eda haber sido un capitalista exitoso,\ndisciplinar al sector agroexportador con retenciones escalonadas y\ndiferenciadas, pero eligi\u00f3 ser carancho del sistema financiero&#8221;.<\/p>\n\n\n\n<p><strong>Scioli<\/strong><\/p>\n\n\n\n<p>&#8220;A punto de cerrarse las listas fue una tarde a verme a\nOlivos. Est\u00e1bamos los dos solos. Le dije: &#8216;No, Daniel. Nos van a atacar\ndiciendo que yo quiero los fueros o, peor todav\u00eda, que voy a ser tu comisaria\npol\u00edtica desde la C\u00e1mara de Diputados\u2019. Hoy, a la distancia, mientras escribo\nesto y veo los n\u00fameros de aquella elecci\u00f3n en primera y segunda vuelta, me\npregunto: \u00bfHubiera ayudado a cubrir la escasa diferencia de votos que tuvimos\nen el balotaje si iba como diputada?&#8221;.<\/p>\n\n\n\n<p><strong>Augurio<\/strong><\/p>\n\n\n\n<p>&#8220;N\u00e9stor me lo dijo: &#8216;Te van a perseguir a vos y a tus\nhijos&#8217;. No fue altisonante. Estaba serio y cuando le pregunt\u00e9: \u2018\u00bfPor qu\u00e9 dec\u00eds\neso?\u2019, enseguida cambi\u00f3 de conversaci\u00f3n. Fue en El Calafate. Lo que no puedo\nrecordar es si fue durante la \u00faltima semana que estuvimos juntos&#8221;.<\/p>\n\n\n\n<p><strong>El amor<\/strong><\/p>\n\n\n\n<p>&#8220;El amor es tener ganas de estar con el otro. Para\nescucharlo, para hablar, para lo que sea. A m\u00ed me encantaba estar con \u00e9l y a \u00e9l\nconmigo. Siempre me dec\u00eda: \u2018De lo \u00fanico que nunca me aburr\u00ed fue de vos\u2019&#8221;.<\/p>\n\n\n\n<p><strong>Vacaciones en Caril\u00f3<\/strong><\/p>\n\n\n\n<p>&#8220;N\u00e9stor, con sus diarios a cuesta -Clar\u00edn, La Naci\u00f3n,\nP\u00e1gina 12, Cr\u00f3nica, \u00c1mbito Financiero, La Prensa, El D\u00eda de La Plata- y todas\nlas revistas que encontraba, se iba a una confiter\u00eda y esperaba que yo volviera\nde hacer las compras tomando un caf\u00e9. Por supuesto, me produc\u00eda y arreglaba\ncomo si fuera a una fiesta: sombrero, anteojos de sol, pareo, etc\u00e9tera,\netc\u00e9tera, etc\u00e9tera. \u00c9l iba de remera, zapatillas, medias, short de ba\u00f1o y\nllevaba una gorrita con visera para atr\u00e1s. Uno de esos d\u00edas estaba sentado en\nla mesa con la pila de diarios y revistas y se acerc\u00f3 una se\u00f1ora muy paqueta\nque le dijo: \u2018\u00bfMe da La Naci\u00f3n, por favor?\u2019. Yo justo ven\u00eda entrando y N\u00e9stor\nle dijo: \u2018No, se\u00f1ora, no puedo, son de la patroncita que ah\u00ed viene\u2019.<\/p>\n\n\n\n<p><strong>Duhalde<\/strong><\/p>\n\n\n\n<p>&#8220;Tuvimos una discusi\u00f3n fuerte vinculada a la alianza\nelectoral con Duhalde para enfrentar a Carlos Menem en las elecciones\npresidenciales en 2003. Yo no quer\u00eda; insist\u00eda en que era una losa que no\n\u00edbamos a poder levantar. Sin embargo, N\u00e9stor estaba convencido de que era una\nalianza necesaria. Trabajaba en todos los frentes para convencerme, tambi\u00e9n en\nel familiar. Muchos a\u00f1os despu\u00e9s M\u00e1ximo me cont\u00f3 que un d\u00eda, en R\u00edo Gallegos,\nsu padre lo hab\u00eda invitado a dar una vuelta: \u2018Acompa\u00f1ame a ver unas obras\u2019, le\npidi\u00f3. Cuando se subieron al auto, con N\u00e9stor al volante, le pregunt\u00f3: \u2018\u00bfVos\ncre\u00e9s que los milicos tienen que ir presos por todo lo que hicieron?\u2019. M\u00e1ximo\nle contest\u00f3 que s\u00ed, que obvio, y entonces le hizo otra pregunta: \u2018\u00bfVos crees\nque este pa\u00eds necesita terminar con el tema de la deuda externa cr\u00f3nica y tener\notra pol\u00edtica econ\u00f3mica, que genere trabajo?\u2019. M\u00e1ximo le volvi\u00f3 a contestar que\ns\u00ed, que claro, y N\u00e9stor le dijo: \u2018Bueno, entonces ayudame a convencer a tu\nvieja porque tenemos que cerrar con Duhalde. Si no, no ganamos\u2019&#8221;.<\/p>\n\n\n\n<p><strong>Patrimonio<\/strong><\/p>\n\n\n\n<p>&#8220;Nunca llegamos pobres a ning\u00fan cargo en la funci\u00f3n\np\u00fablica. Y menos a la Presidencia de la Naci\u00f3n&#8221;.<\/p>\n\n\n\n<p><strong>La obra p\u00fablica<\/strong><\/p>\n\n\n\n<p>&#8220;No puedo dejar de observar que las dos principales\nobras de la provincia, el aeropuerto internacional de El Calafate y el puerto\nde aguas profundas de Caleta Olivia, fueron realizadas por dos importantes\ncontratistas de obra p\u00fablica, con actuaci\u00f3n de larga data en la Rep\u00fablica\nArgentina. Benito Roggio e Hijos comenz\u00f3 como empresa constructora en el a\u00f1o\n1908 y ESUCO, de Carlos Wagner ex presidente de la C\u00e1mara de la Construcci\u00f3n,\nen 1948. Por eso resulta indignante y ofensivo a la inteligencia que en el a\u00f1o\n2018, en el marco de lo que se conoce como \u2018la causa de las fotocopias de los\ncuadernos\u2019, los due\u00f1os de empresas constructoras de obra p\u00fablica con 110 a\u00f1os\nde antig\u00fcedad una y 70 la otra \u2018entre muchas otras\u2019 digan que reci\u00e9n en el a\u00f1o\n2004 tuvo que llegar el ministro de Planificaci\u00f3n Federal Julio De Vido para\nconvocarlos y ense\u00f1arles c\u00f3mo cartelizarse en la obra p\u00fablica cual ni\u00f1os en un\njard\u00edn de infantes. Rid\u00edculo&#8221;.<\/p>\n\n\n\n<p><strong>Ping\u00fcino o Ping\u00fcina<\/strong><\/p>\n\n\n\n<p>&#8220;Recuerdo cuando me dijo: \u2018Puedo ir yo de vuelta y\ndespu\u00e9s vos\u2019. \u2018Ni loca\u2019, le contest\u00e9. Porque si yo era candidata luego de dos\nmandatos consecutivos de N\u00e9stor, seguramente iban a decir: \u2018Pone a su mujer\nporque no puede ser reelecto\u2019\u201d.<\/p>\n\n\n\n<p><strong>La CGT<\/strong><\/p>\n\n\n\n<p>&#8220;Cuando recuerdo los cinco paros generales que hicieron\ndurante mi \u00faltimo mandato no puedo dejar de pensar que tambi\u00e9n hubo un fuerte\ncomponente de g\u00e9nero. Dig\u00e1moslo con todas las letras: la CGT es una\nconfederaci\u00f3n en la que no hay mujeres que conduzcan.&#8221;<\/p>\n\n\n\n<p><strong>N\u00e9stor y Bergoglio<\/strong><\/p>\n\n\n\n<p>&#8220;En el primer almuerzo, recuerdo que conversamos sobre\nN\u00e9stor y yo le dije: \u2018\u00bfSabe qu\u00e9 creo que pas\u00f3 entre ustedes, Jorge?\u2019 Porque le\ndigo Jorge cuando hablamos y no Su Santidad y \u00e9l, obviamente, me dice Cristina.\n\u2018En el fondo creo que la Argentina era un pa\u00eds demasiado chico para ustedes dos\njuntos\u2019&#8221;.<\/p>\n\n\n\n<p><strong>El Papa Francisco y\nBarrio Norte<\/strong><\/p>\n\n\n\n<p>&#8220;Aquellos d\u00edas muchos habitantes de Barrio Norte y\nRecoleta, los barrios m\u00e1s ricos de la ciudad de Buenos Aires, colgaron banderas\nvaticanas amarillas y blancas de los balcones para festejar la elecci\u00f3n de\nBergoglio. Estoy segura que, en el primer momento, creyeron haber encontrado un\nnuevo l\u00edder para luchar contra &#8220;la yegua&#8221;. Cuando tom\u00f3 estado p\u00fablico\nmi felicitaci\u00f3n y mi decisi\u00f3n de viajar a Roma, los festejos de la oposici\u00f3n se\naplacaron. Fue incre\u00edble: lentamente iban desapareciendo las banderas. Estaba\nclaro: a pesar de que hab\u00eda habido tensiones, nunca nos entendieron ni a m\u00ed, ni\na N\u00e9stor y me parece que menos todav\u00eda a Bergoglio. Guardaban la secreta\nesperanza de que Francisco, el nombre que eligi\u00f3 para su papado y que alud\u00eda al\nnombre de San Francisco de As\u00eds, el santo de los pobres, fuera un tenaz\nopositor a nuestro gobierno.&#8221;<\/p>\n\n\n\n<p><strong>Memorando<\/strong><\/p>\n\n\n\n<p>&#8220;La ilusi\u00f3n de firmar el Memor\u00e1ndum e imaginar la\nfotograf\u00eda del juez argentino a cargo de la causa sentado en Teher\u00e1n tom\u00e1ndole\ndeclaraci\u00f3n a los acusados iran\u00edes fue, hoy lo puedo confirmar, una verdadera\ningenuidad de nuestra parte, que nos hizo olvidar de los intereses geopol\u00edticos\nen pugna.&#8221;<\/p>\n\n\n\n<p><strong>Clar\u00edn<\/strong><\/p>\n\n\n\n<p>&#8220;Recuerdo un d\u00eda que, ya finalizada la sobremesa,\n\u00edbamos caminando hacia la salida del comedor y Magnetto me dijo: \u2018No pueden\nsacar la reforma, la gente no est\u00e1 de acuerdo, la calle no est\u00e1 de acuerdo, hay\nmucha cr\u00edtica y opini\u00f3n negativa\u2019. Entonces le contest\u00e9: \u2018Ay, H\u00e9ctor -no le\ndec\u00eda Magnetto, le dec\u00eda H\u00e9ctor-. \u00bfLa calle? \u00bfMe lo dice en serio? \u00bfUsted cree\nque la calle sabe qu\u00e9 estamos discutiendo en el Senado? La calle ni siquiera\nsabe lo que es el Consejo de la Magistratura, son ustedes los que no est\u00e1n de\nacuerdo, no la calle. Mire, pueden seguir sacando veinte mil editoriales y\nart\u00edculos en mi contra que voy a seguir opinando lo mismo y votando lo\nmismo\u2019&#8221;.<\/p>\n\n\n\n<p><strong>Magnetto<\/strong><\/p>\n\n\n\n<p>&#8220;\u00c9l tiene un fuerte inter\u00e9s por la pol\u00edtica y no se\ntrata solamente de un tema de lobby, para resguardar o mejorar sus intereses\necon\u00f3micos, eso ser\u00eda minimizarlo. Le interesa el poder de la pol\u00edtica, el\npoder del sistema de decisiones, es decir el poder en sentido estricto y\ncompleto&#8221;.<\/p>\n","protected":false},"excerpt":{"rendered":"<p>&#8220;Sinceramente&#8221;, de Editorial Sudamericana sale a la venta el 26 de abril. Lo presenta en la Feria del Libro el 9 de mayo El 26 de abril sale a la venta el primer libro con autor\u00eda de la expresidenta Cristina de Kirchner. Si bien no es una biograf\u00eda, s\u00ed repasa parte de su vida personal y su paso por la historia pol\u00edtica argentina. \u201cEste libro no es autobiogr\u00e1fico ni tampoco una enumeraci\u00f3n de logros personales o pol\u00edticos, es una mirada y una reflexi\u00f3n retrospectiva para desentra\u00f1ar algunos hechos y cap\u00edtulos&#8230;<\/p>\n","protected":false},"author":3,"featured_media":43948,"comment_status":"closed","ping_status":"closed","sticky":false,"template":"","format":"standard","meta":[],"categories":[9],"tags":[],"_links":{"self":[{"href":"https:\/\/www.actualidadadiario.com\/index.php\/wp-json\/wp\/v2\/posts\/43947"}],"collection":[{"href":"https:\/\/www.actualidadadiario.com\/index.php\/wp-json\/wp\/v2\/posts"}],"about":[{"href":"https:\/\/www.actualidadadiario.com\/index.php\/wp-json\/wp\/v2\/types\/post"}],"author":[{"embeddable":true,"href":"https:\/\/www.actualidadadiario.com\/index.php\/wp-json\/wp\/v2\/users\/3"}],"replies":[{"embeddable":true,"href":"https:\/\/www.actualidadadiario.com\/index.php\/wp-json\/wp\/v2\/comments?post=43947"}],"version-history":[{"count":1,"href":"https:\/\/www.actualidadadiario.com\/index.php\/wp-json\/wp\/v2\/posts\/43947\/revisions"}],"predecessor-version":[{"id":43949,"href":"https:\/\/www.actualidadadiario.com\/index.php\/wp-json\/wp\/v2\/posts\/43947\/revisions\/43949"}],"wp:featuredmedia":[{"embeddable":true,"href":"https:\/\/www.actualidadadiario.com\/index.php\/wp-json\/wp\/v2\/media\/43948"}],"wp:attachment":[{"href":"https:\/\/www.actualidadadiario.com\/index.php\/wp-json\/wp\/v2\/media?parent=43947"}],"wp:term":[{"taxonomy":"category","embeddable":true,"href":"https:\/\/www.actualidadadiario.com\/index.php\/wp-json\/wp\/v2\/categories?post=43947"},{"taxonomy":"post_tag","embeddable":true,"href":"https:\/\/www.actualidadadiario.com\/index.php\/wp-json\/wp\/v2\/tags?post=43947"}],"curies":[{"name":"wp","href":"https:\/\/api.w.org\/{rel}","templated":true}]}}