{"id":43944,"date":"2019-04-24T13:49:09","date_gmt":"2019-04-24T16:49:09","guid":{"rendered":"https:\/\/www.actualidadadiario.com\/?p=43944"},"modified":"2019-05-06T20:57:30","modified_gmt":"2019-05-06T23:57:30","slug":"cambiemos-se-va-cayendo","status":"publish","type":"post","link":"https:\/\/www.actualidadadiario.com\/index.php\/2019\/04\/24\/cambiemos-se-va-cayendo\/","title":{"rendered":"&#8220;Cambiemos se va cayendo&#8221;"},"content":{"rendered":"\n<p><strong><em>El vicepresidente del Comit\u00e9 Nacional de la UCR, Federico Storani, quien mantiene una postura cr\u00edtica de la gesti\u00f3n de Mauricio Macri, se reuni\u00f3 hoy con el jefe de Gabinete, Marcos Pe\u00f1a, y tras el encuentro sostuvo que &#8220;Cambiemos se va cayendo por su propio peso&#8221;. El dirigente radical arrib\u00f3 a la Casa Rosada a las 12 y all\u00ed fue recibido por Pe\u00f1a<\/em><\/strong><\/p>\n\n\n\n<p><\/p>\n\n\n\n<p><\/p>\n\n\n\n<p>En tanto, Pe\u00f1a ten\u00eda previsto reunirse ma\u00f1ana con Ricardo\nAlfons\u00edn, pero el jefe de Gabinete decidi\u00f3 cancelar ese encuentro.<\/p>\n\n\n\n<p>&#8220;Cambiemos se va cayendo por su propio peso&#8221;,\nalert\u00f3 Storani, quien consider\u00f3 que la alianza oficialista que la UCR integra\njunto al PRO y la Coalici\u00f3n C\u00edvica ya no tendr\u00e1 los mismos actores que tuvo\ncuando fue conformado inicialmente. &#8220;No hay duda de que como fue\nconformado inicialmente, no va a tener ni los mismos actores o protagonistas ni\nel peso electoral que tuvo en su momento&#8221;, se\u00f1al\u00f3 en declaraciones a\nCadena 3.<\/p>\n\n\n\n<p>Agreg\u00f3 que Cambiemos &#8220;debe hacer un balance de lo\nactuado&#8221; y lament\u00f3 que &#8220;nunca se conform\u00f3 una verdadera coalici\u00f3n de\ngobierno que discuta las pol\u00edticas esenciales&#8221;.<\/p>\n\n\n\n<p>Storani tambi\u00e9n se\u00f1al\u00f3 que le resulta &#8220;muy atractiva la\npropuesta de Roberto Lavagna que plantea salir de la polarizaci\u00f3n&#8221;. En ese\nsentido, consider\u00f3 que el ex ministro de econom\u00eda &#8220;es el que m\u00e1s\nclaramente ha planteado la necesidad de un gobierno de unidad nacional, con el\nque s\u00ed estamos de acuerdo&#8221;.<\/p>\n","protected":false},"excerpt":{"rendered":"<p>El vicepresidente del Comit\u00e9 Nacional de la UCR, Federico Storani, quien mantiene una postura cr\u00edtica de la gesti\u00f3n de Mauricio Macri, se reuni\u00f3 hoy con el jefe de Gabinete, Marcos Pe\u00f1a, y tras el encuentro sostuvo que &#8220;Cambiemos se va cayendo por su propio peso&#8221;. El dirigente radical arrib\u00f3 a la Casa Rosada a las 12 y all\u00ed fue recibido por Pe\u00f1a En tanto, Pe\u00f1a ten\u00eda previsto reunirse ma\u00f1ana con Ricardo Alfons\u00edn, pero el jefe de Gabinete decidi\u00f3 cancelar ese encuentro. &#8220;Cambiemos se va cayendo por su propio peso&#8221;, alert\u00f3&#8230;<\/p>\n","protected":false},"author":3,"featured_media":43945,"comment_status":"closed","ping_status":"closed","sticky":false,"template":"","format":"standard","meta":[],"categories":[9],"tags":[],"_links":{"self":[{"href":"https:\/\/www.actualidadadiario.com\/index.php\/wp-json\/wp\/v2\/posts\/43944"}],"collection":[{"href":"https:\/\/www.actualidadadiario.com\/index.php\/wp-json\/wp\/v2\/posts"}],"about":[{"href":"https:\/\/www.actualidadadiario.com\/index.php\/wp-json\/wp\/v2\/types\/post"}],"author":[{"embeddable":true,"href":"https:\/\/www.actualidadadiario.com\/index.php\/wp-json\/wp\/v2\/users\/3"}],"replies":[{"embeddable":true,"href":"https:\/\/www.actualidadadiario.com\/index.php\/wp-json\/wp\/v2\/comments?post=43944"}],"version-history":[{"count":1,"href":"https:\/\/www.actualidadadiario.com\/index.php\/wp-json\/wp\/v2\/posts\/43944\/revisions"}],"predecessor-version":[{"id":43946,"href":"https:\/\/www.actualidadadiario.com\/index.php\/wp-json\/wp\/v2\/posts\/43944\/revisions\/43946"}],"wp:featuredmedia":[{"embeddable":true,"href":"https:\/\/www.actualidadadiario.com\/index.php\/wp-json\/wp\/v2\/media\/43945"}],"wp:attachment":[{"href":"https:\/\/www.actualidadadiario.com\/index.php\/wp-json\/wp\/v2\/media?parent=43944"}],"wp:term":[{"taxonomy":"category","embeddable":true,"href":"https:\/\/www.actualidadadiario.com\/index.php\/wp-json\/wp\/v2\/categories?post=43944"},{"taxonomy":"post_tag","embeddable":true,"href":"https:\/\/www.actualidadadiario.com\/index.php\/wp-json\/wp\/v2\/tags?post=43944"}],"curies":[{"name":"wp","href":"https:\/\/api.w.org\/{rel}","templated":true}]}}