{"id":43941,"date":"2019-04-24T13:48:22","date_gmt":"2019-04-24T16:48:22","guid":{"rendered":"https:\/\/www.actualidadadiario.com\/?p=43941"},"modified":"2019-05-06T20:55:07","modified_gmt":"2019-05-06T23:55:07","slug":"el-gobierno-junta-votos-para-que-la-convencion-radical-apoye-la-reeleccion-de-macri","status":"publish","type":"post","link":"https:\/\/www.actualidadadiario.com\/index.php\/2019\/04\/24\/el-gobierno-junta-votos-para-que-la-convencion-radical-apoye-la-reeleccion-de-macri\/","title":{"rendered":"El Gobierno junta votos para que la convenci\u00f3n radical apoye la reelecci\u00f3n de Macri"},"content":{"rendered":"\n<p><strong><em>El presidente recibi\u00f3 a los gobernadores y Marcos Pe\u00f1a busca seducir a los d\u00edscolos que lideran Storani y Alfons\u00edn<\/em><\/strong><\/p>\n\n\n\n<p><\/p>\n\n\n\n<p><\/p>\n\n\n\n<p>El Gobierno concentr\u00f3 las operaciones de su mesa de acci\u00f3n\npol\u00edtica en juntar los votos para que la convenci\u00f3n radical, que a\u00fan no tiene\nfecha, apoye la reelecci\u00f3n de Mauricio Macri.<\/p>\n\n\n\n<p>Con ese objetivo en la mira, el presidente recibi\u00f3 este\nmartes a los tres gobernadores radicales, Gerardo Morales, Gustavo Vald\u00e9s y\nAlfredo Cornejo, que adem\u00e1s es el presidente del partido. En la reuni\u00f3n,\nanunciada para discutir la marcha del mini plan Primavera, estuvieron Marcos\nPe\u00f1a, Rogelio Frigerio y los dos gobernadores PRO, Mar\u00eda Eugenia Vidal y\nHoracio Rodr\u00edguez Larreta.<\/p>\n\n\n\n<p>Los presentes acordaron juntarse de nuevo dentro de los\npr\u00f3ximos &nbsp;15 d\u00edas. &#8220;El objetivo es\nreconstruir confianza y expectativa en la marca Cambiemos, encerrarnos no dio\nbuenos resultados&#8221;, dijeron en la Rosada.<\/p>\n\n\n\n<p>La apertura repentina hacia los radicales no tiene otro\nobjeto que el de seducirlos para que no haya rupturas en Cambiemos, como las\nque anticip\u00f3 el sector de Ricardo Alfons\u00edn y Federico Storani, proclives a un\nacuerdo con Roberto Lavagna.<\/p>\n\n\n\n<p>Justamente Storani estuvo este martes en la Rosada en una\nreuni\u00f3n privada con Marcos Pe\u00f1a, que se aboc\u00f3 junto a su ladero Fernando de\nAndreis a buscar los votos de la convenci\u00f3n. En ese sentido, el jefe de\ngabinete recibir\u00e1 este mi\u00e9rcoles a Alfons\u00edn en la Rosada.<\/p>\n\n\n\n<p>El sector de Storani y Alfons\u00edn tiene una fuerte incidencia\nen la Convenci\u00f3n que preside Jorge Sappia, quien responde a Ram\u00f3n Mestre,\nenfrentado a la Rosada por las elecciones en C\u00f3rdoba. Por ese motivo y ning\u00fan\notro son recibidos por el hombre m\u00e1s importante del gabinete en estas horas.<\/p>\n\n\n\n<p>Morales admiti\u00f3 que est\u00e1n juntando los votos para la\nconvenci\u00f3n y que planean hacerla en los \u00faltimos diez d\u00edas de mayo. El\ngobernador de Jujuy se rio cuando en el Sal\u00f3n de los Pueblos Originarios, junto\na Larreta, se refiri\u00f3 al &#8220;poroteo&#8221; de la convenci\u00f3n. Es que el sector\nalienado con la Rosada que integra con Cornejo y Vald\u00e9s tampoco se la quiere\ndejar f\u00e1cil a Macri de cara a la convenci\u00f3n. Curiosamente, Cornejo, que est\u00e1\nenojado con la Rosada porque todav\u00eda no baj\u00f3 a Omar de Marchi de la elecci\u00f3n en\nMendoza, iba a ser el vocero del encuentro junto a Larreta pero se march\u00f3\nantes.<\/p>\n\n\n\n<p>Morales no fue suave, de todos modos: dijo que despu\u00e9s de la\ncrisis cambiaria del a\u00f1o pasado, el Gobierno est\u00e1 &#8220;atravesando los peores\nmomentos&#8221;. &#8220;Es como la inundaci\u00f3n que deja todo destruido&#8221;,\ngrafic\u00f3. &#8220;La econom\u00eda tiene que empezar a recuperarse en el segundo\nsemestre&#8221;, vaticin\u00f3 luego, en una remake de una de las frases c\u00e9lebres del\nGobierno de Macri.<\/p>\n","protected":false},"excerpt":{"rendered":"<p>El presidente recibi\u00f3 a los gobernadores y Marcos Pe\u00f1a busca seducir a los d\u00edscolos que lideran Storani y Alfons\u00edn El Gobierno concentr\u00f3 las operaciones de su mesa de acci\u00f3n pol\u00edtica en juntar los votos para que la convenci\u00f3n radical, que a\u00fan no tiene fecha, apoye la reelecci\u00f3n de Mauricio Macri. Con ese objetivo en la mira, el presidente recibi\u00f3 este martes a los tres gobernadores radicales, Gerardo Morales, Gustavo Vald\u00e9s y Alfredo Cornejo, que adem\u00e1s es el presidente del partido. En la reuni\u00f3n, anunciada para discutir la marcha del mini&#8230;<\/p>\n","protected":false},"author":3,"featured_media":43942,"comment_status":"closed","ping_status":"closed","sticky":false,"template":"","format":"standard","meta":[],"categories":[18],"tags":[],"_links":{"self":[{"href":"https:\/\/www.actualidadadiario.com\/index.php\/wp-json\/wp\/v2\/posts\/43941"}],"collection":[{"href":"https:\/\/www.actualidadadiario.com\/index.php\/wp-json\/wp\/v2\/posts"}],"about":[{"href":"https:\/\/www.actualidadadiario.com\/index.php\/wp-json\/wp\/v2\/types\/post"}],"author":[{"embeddable":true,"href":"https:\/\/www.actualidadadiario.com\/index.php\/wp-json\/wp\/v2\/users\/3"}],"replies":[{"embeddable":true,"href":"https:\/\/www.actualidadadiario.com\/index.php\/wp-json\/wp\/v2\/comments?post=43941"}],"version-history":[{"count":1,"href":"https:\/\/www.actualidadadiario.com\/index.php\/wp-json\/wp\/v2\/posts\/43941\/revisions"}],"predecessor-version":[{"id":43943,"href":"https:\/\/www.actualidadadiario.com\/index.php\/wp-json\/wp\/v2\/posts\/43941\/revisions\/43943"}],"wp:featuredmedia":[{"embeddable":true,"href":"https:\/\/www.actualidadadiario.com\/index.php\/wp-json\/wp\/v2\/media\/43942"}],"wp:attachment":[{"href":"https:\/\/www.actualidadadiario.com\/index.php\/wp-json\/wp\/v2\/media?parent=43941"}],"wp:term":[{"taxonomy":"category","embeddable":true,"href":"https:\/\/www.actualidadadiario.com\/index.php\/wp-json\/wp\/v2\/categories?post=43941"},{"taxonomy":"post_tag","embeddable":true,"href":"https:\/\/www.actualidadadiario.com\/index.php\/wp-json\/wp\/v2\/tags?post=43941"}],"curies":[{"name":"wp","href":"https:\/\/api.w.org\/{rel}","templated":true}]}}