{"id":43934,"date":"2019-04-24T13:45:25","date_gmt":"2019-04-24T16:45:25","guid":{"rendered":"https:\/\/www.actualidadadiario.com\/?p=43934"},"modified":"2019-05-06T20:55:21","modified_gmt":"2019-05-06T23:55:21","slug":"el-consumo-de-luz-cae-96-y-la-baja-se-extiende-a-todas-las-provincias","status":"publish","type":"post","link":"https:\/\/www.actualidadadiario.com\/index.php\/2019\/04\/24\/el-consumo-de-luz-cae-96-y-la-baja-se-extiende-a-todas-las-provincias\/","title":{"rendered":"El consumo de luz cae 9,6% y la baja se extiende a todas las provincias"},"content":{"rendered":"\n<p><strong><em>El consumo de luz retrocedi\u00f3 9,6% interanual en marzo y de esta manera acumul\u00f3 siete meses seguidos en baja, de acuerdo a un informe de la Fundaci\u00f3n para el Desarrollo El\u00e9ctrico (Fundelec). La demanda se redujo en torno a esa cifra tanto para el segmento residencial, as\u00ed como el comercial e industrial, y esta vez se extendi\u00f3 a todas las provincias del pa\u00eds<\/em><\/strong><\/p>\n\n\n\n<p><\/p>\n\n\n\n<p><\/p>\n\n\n\n<p>La regi\u00f3n que m\u00e1s se vio afectada fue el noroeste, a donde\nel desplome lleg\u00f3 al 16,9%, y el litoral (Entre R\u00edos y Santa Fe) que marc\u00f3 una\nca\u00edda del 12,9%. En el noreste, el descenso lleg\u00f3 al 11,7% y en la Ciudad de\nBuenos Aires y conurbano bonaerense la contracci\u00f3n fue del 10,6%.<\/p>\n\n\n\n<p>Le siguieron San Luis y C\u00f3rdoba con un 10,5% menos, el\ninterior de la provincia de Buenos Aires (-6,4%); Cuyo (-6,1%); La Pampa, R\u00edo\nNegro y Neuqu\u00e9n (-4,8%); y Chubut y Santa Cruz (-1,3%).<\/p>\n\n\n\n<p>&#8220;Hasta ahora no se vio que la actividad en el norte sea\nmenos din\u00e1mica que a nivel general en el pa\u00eds, por lo que el menor consumo de\nluz puede tambi\u00e9n deberse a temperaturas m\u00e1s altas&#8221;, plante\u00f3 un consultor\necon\u00f3mico.<\/p>\n\n\n\n<p>Lo cierto es que la demanda lleg\u00f3 a 10.121,3 GWh que\ncontrastaron con los 11.191,3 GWh del mismo mes del a\u00f1o pasado. Tambi\u00e9n se\nobserv\u00f3 un importante decrecimiento intermensual de 5,4% respecto a febrero,\ncuando el consumo hab\u00eda sido de 10.702,5 Gwh.<\/p>\n\n\n\n<p>En ese sentido, Fundelec advirti\u00f3 que &#8220;con temperaturas\nlevemente inferiores a las de marzo de 2018, este mes present\u00f3 un marcado\ndescenso de la demanda de energ\u00eda el\u00e9ctrica&#8221;, la m\u00e1s grande despu\u00e9s de la\nde diciembre, y en sinton\u00eda con la crisis econ\u00f3mica. En marzo hizo 21,2\u00b0 (en\nl\u00ednea con el promedio hist\u00f3rico) frente a los 22,4\u00b0 del a\u00f1o pasado.<\/p>\n\n\n\n<p>&#8220;Marzo tiene el consumo m\u00e1s bajo en t\u00e9rminos nominales\ncorrespondiente a este mes desde 2014 y, a su vez, este descenso sigue la\ntendencia recesiva de los \u00faltimos cuatro meses de 2018 y del primer trimestre\ndel presente a\u00f1o&#8221;, puntualiza el informe. As\u00ed, el primer trimestre finaliz\u00f3\ncon un derrumbe de 6,7%.<\/p>\n\n\n\n<p>La demanda residencial se desplom\u00f3 10%, la comercial 9,7% y\nla industrial 10,4%.<\/p>\n\n\n\n<p>En la medici\u00f3n por provincia, Catamarca encabez\u00f3 el ranking\ncon una contracci\u00f3n del 48% de su demanda, en tanto Santiago del Estero se\nubic\u00f3 segunda con una baja del 15%. Por su parte, en Chaco el consumo de luz\ndescendi\u00f3 14%, en Corrientes y Entre R\u00edos 13%; y 12% en Formosa, San Luis, La\nPampa y Tucum\u00e1n.<\/p>\n\n\n\n<p>Edenor y Edesur, que operan en el \u00e1rea metropolitana,\ntuvieron un retroceso del 10,6% y 10,5%, respectivamente.<\/p>\n\n\n\n<p>Por otro lado, en la generaci\u00f3n preponder\u00f3 la de origen\nt\u00e9rmino con casi 60% y en segundo t\u00e9rmino la hidr\u00e1ulica con un 28%. La e\u00f3lica y\nfotovoltaica lleg\u00f3 a casi 5%, y as\u00ed equipar\u00f3 a la nuclear. S\u00f3lo el 2% se cubri\u00f3\ncon importaciones.<\/p>\n","protected":false},"excerpt":{"rendered":"<p>El consumo de luz retrocedi\u00f3 9,6% interanual en marzo y de esta manera acumul\u00f3 siete meses seguidos en baja, de acuerdo a un informe de la Fundaci\u00f3n para el Desarrollo El\u00e9ctrico (Fundelec). La demanda se redujo en torno a esa cifra tanto para el segmento residencial, as\u00ed como el comercial e industrial, y esta vez se extendi\u00f3 a todas las provincias del pa\u00eds La regi\u00f3n que m\u00e1s se vio afectada fue el noroeste, a donde el desplome lleg\u00f3 al 16,9%, y el litoral (Entre R\u00edos y Santa Fe) que marc\u00f3&#8230;<\/p>\n","protected":false},"author":3,"featured_media":42210,"comment_status":"closed","ping_status":"closed","sticky":false,"template":"","format":"standard","meta":[],"categories":[2],"tags":[],"_links":{"self":[{"href":"https:\/\/www.actualidadadiario.com\/index.php\/wp-json\/wp\/v2\/posts\/43934"}],"collection":[{"href":"https:\/\/www.actualidadadiario.com\/index.php\/wp-json\/wp\/v2\/posts"}],"about":[{"href":"https:\/\/www.actualidadadiario.com\/index.php\/wp-json\/wp\/v2\/types\/post"}],"author":[{"embeddable":true,"href":"https:\/\/www.actualidadadiario.com\/index.php\/wp-json\/wp\/v2\/users\/3"}],"replies":[{"embeddable":true,"href":"https:\/\/www.actualidadadiario.com\/index.php\/wp-json\/wp\/v2\/comments?post=43934"}],"version-history":[{"count":1,"href":"https:\/\/www.actualidadadiario.com\/index.php\/wp-json\/wp\/v2\/posts\/43934\/revisions"}],"predecessor-version":[{"id":43935,"href":"https:\/\/www.actualidadadiario.com\/index.php\/wp-json\/wp\/v2\/posts\/43934\/revisions\/43935"}],"wp:featuredmedia":[{"embeddable":true,"href":"https:\/\/www.actualidadadiario.com\/index.php\/wp-json\/wp\/v2\/media\/42210"}],"wp:attachment":[{"href":"https:\/\/www.actualidadadiario.com\/index.php\/wp-json\/wp\/v2\/media?parent=43934"}],"wp:term":[{"taxonomy":"category","embeddable":true,"href":"https:\/\/www.actualidadadiario.com\/index.php\/wp-json\/wp\/v2\/categories?post=43934"},{"taxonomy":"post_tag","embeddable":true,"href":"https:\/\/www.actualidadadiario.com\/index.php\/wp-json\/wp\/v2\/tags?post=43934"}],"curies":[{"name":"wp","href":"https:\/\/api.w.org\/{rel}","templated":true}]}}