{"id":43921,"date":"2019-04-24T13:41:14","date_gmt":"2019-04-24T16:41:14","guid":{"rendered":"https:\/\/www.actualidadadiario.com\/?p=43921"},"modified":"2019-05-06T20:54:53","modified_gmt":"2019-05-06T23:54:53","slug":"el-martes-y-miercoles-proximo-no-habra-bancos-en-toda-la-provincia","status":"publish","type":"post","link":"https:\/\/www.actualidadadiario.com\/index.php\/2019\/04\/24\/el-martes-y-miercoles-proximo-no-habra-bancos-en-toda-la-provincia\/","title":{"rendered":"El martes y mi\u00e9rcoles pr\u00f3ximo no habr\u00e1 bancos en toda la provincia"},"content":{"rendered":"\n<p><strong><em>La Asociaci\u00f3n Bancaria local confirm\u00f3 la adhesi\u00f3n al paro convocado por las centrales sindicales para el 30 de abril en todo el pa\u00eds. De este modo, y sumado al feriado del 1\u00ba de mayo, la semana pr\u00f3xima habr\u00e1 dos d\u00edas sin actividad bancaria. \u201cEl paro se va a sentir en toda la provincia\u201d, aseguraron desde el sindicato<\/em><\/strong><\/p>\n\n\n\n<p><\/p>\n\n\n\n<p><\/p>\n\n\n\n<p>\u201cLa Bancaria se adhiere al paro del 30 de abril, porque es\nconvocante a la medida desde el frente sindical, junto a la CTA y varios\ngremios de la CGT\u201d, explic\u00f3 el secretario adjunto de la Asociaci\u00f3n Bancaria de\nParan\u00e1, Augusto Gervasoni.<\/p>\n\n\n\n<p>Apunt\u00f3 que, tal como se defini\u00f3 en el Plenario de Regionales\nde CGT, el objetivo de la medida es, en primer lugar, \u201ccambiarle el rumbo\necon\u00f3mico al Gobierno, ya que la situaci\u00f3n de los trabajadores no se aguanta\nm\u00e1s\u201d.<\/p>\n\n\n\n<p>\u201cEl paro se va a sentir en toda la provincia\u201d, resalt\u00f3\nGervasoni en declaraciones a esta Agencia. Remarc\u00f3 que el martes pr\u00f3ximo \u201cno va\nhaber bancos y los trabajadores vamos en unidad y solidaridad a la lucha contra\nlas pol\u00edticas econ\u00f3micas del Gobierno nacional\u201d. <\/p>\n","protected":false},"excerpt":{"rendered":"<p>La Asociaci\u00f3n Bancaria local confirm\u00f3 la adhesi\u00f3n al paro convocado por las centrales sindicales para el 30 de abril en todo el pa\u00eds. De este modo, y sumado al feriado del 1\u00ba de mayo, la semana pr\u00f3xima habr\u00e1 dos d\u00edas sin actividad bancaria. \u201cEl paro se va a sentir en toda la provincia\u201d, aseguraron desde el sindicato \u201cLa Bancaria se adhiere al paro del 30 de abril, porque es convocante a la medida desde el frente sindical, junto a la CTA y varios gremios de la CGT\u201d, explic\u00f3 el secretario&#8230;<\/p>\n","protected":false},"author":3,"featured_media":36767,"comment_status":"closed","ping_status":"closed","sticky":false,"template":"","format":"standard","meta":[],"categories":[15],"tags":[],"_links":{"self":[{"href":"https:\/\/www.actualidadadiario.com\/index.php\/wp-json\/wp\/v2\/posts\/43921"}],"collection":[{"href":"https:\/\/www.actualidadadiario.com\/index.php\/wp-json\/wp\/v2\/posts"}],"about":[{"href":"https:\/\/www.actualidadadiario.com\/index.php\/wp-json\/wp\/v2\/types\/post"}],"author":[{"embeddable":true,"href":"https:\/\/www.actualidadadiario.com\/index.php\/wp-json\/wp\/v2\/users\/3"}],"replies":[{"embeddable":true,"href":"https:\/\/www.actualidadadiario.com\/index.php\/wp-json\/wp\/v2\/comments?post=43921"}],"version-history":[{"count":1,"href":"https:\/\/www.actualidadadiario.com\/index.php\/wp-json\/wp\/v2\/posts\/43921\/revisions"}],"predecessor-version":[{"id":43922,"href":"https:\/\/www.actualidadadiario.com\/index.php\/wp-json\/wp\/v2\/posts\/43921\/revisions\/43922"}],"wp:featuredmedia":[{"embeddable":true,"href":"https:\/\/www.actualidadadiario.com\/index.php\/wp-json\/wp\/v2\/media\/36767"}],"wp:attachment":[{"href":"https:\/\/www.actualidadadiario.com\/index.php\/wp-json\/wp\/v2\/media?parent=43921"}],"wp:term":[{"taxonomy":"category","embeddable":true,"href":"https:\/\/www.actualidadadiario.com\/index.php\/wp-json\/wp\/v2\/categories?post=43921"},{"taxonomy":"post_tag","embeddable":true,"href":"https:\/\/www.actualidadadiario.com\/index.php\/wp-json\/wp\/v2\/tags?post=43921"}],"curies":[{"name":"wp","href":"https:\/\/api.w.org\/{rel}","templated":true}]}}