{"id":43918,"date":"2019-04-24T13:40:32","date_gmt":"2019-04-24T16:40:32","guid":{"rendered":"https:\/\/www.actualidadadiario.com\/?p=43918"},"modified":"2019-05-06T20:53:36","modified_gmt":"2019-05-06T23:53:36","slug":"incendio-en-la-carcel-de-victoria-presentaron-el-requerimiento-de-elevacion-a-juicio","status":"publish","type":"post","link":"https:\/\/www.actualidadadiario.com\/index.php\/2019\/04\/24\/incendio-en-la-carcel-de-victoria-presentaron-el-requerimiento-de-elevacion-a-juicio\/","title":{"rendered":"Incendio en la c\u00e1rcel de Victoria: Presentaron el requerimiento de elevaci\u00f3n a juicio"},"content":{"rendered":"\n<p><strong><em>Esta semana, el fiscal de Victoria Eduardo Guaita, que investig\u00f3 el s\u00e9xtuple homicidio ocurrido en la Unidad Penal de Victoria en donde tres internos asesinaron con fuego a otros seis que dorm\u00edan en una celda, present\u00f3 en el Juzgado de Garant\u00edas el requerimiento de elevaci\u00f3n de la causa a juicio. La Fiscal\u00eda los acusa de un delito con agravantes que llevan \u00fanicamente a la prisi\u00f3n perpetua<\/em><\/strong><\/p>\n\n\n\n<p><\/p>\n\n\n\n<p><\/p>\n\n\n\n<p>Los tres acusados \u2013Kevin Paniagua, Ram\u00f3n Framulari y Maximiliano\nChamorro\u2013 quedaron implicados desde la misma ma\u00f1ana de la tragedia, pero debido\na la magnitud del hecho fue necesario reunir todas las pruebas posibles para\nllevar a un debate. <\/p>\n\n\n\n<p>\u201cEl escrito presentado es b\u00e1sicamente una descripci\u00f3n de\ntodos los fundamentos por los cuales considero que las personas son culpables,\ny se hace un estimativo de pena. La prueba que quiero que se lleve al juicio,\nya sea la producida como los testigos que tienen que deponer. Es un resumen de\nla acusaci\u00f3n\u201d, inform\u00f3 el fiscal Guaita.<\/p>\n\n\n\n<p>Respecto a las principales evidencias con las cuales cuenta\nla acusaci\u00f3n, el fiscal afirm\u00f3 que son \u201clos videos y las declaraciones\ntestimoniales de los internos, sobre todo compa\u00f1eros de pabell\u00f3n, adem\u00e1s los\npenitenciarios de la Unidad Penal, los peritos que hicieron an\u00e1lisis de las\ncausas del incendio, los estudios toxicol\u00f3gicos y los m\u00e9dicos forenses\u201d.<\/p>\n\n\n\n<p><strong>Agravantes<\/strong><\/p>\n\n\n\n<p>Consultado acerca de los agravantes planteados sobre el\ndelito de s\u00e9xtuple homicidio imputado, adem\u00e1s del intento de homicidio (por el\n\u00fanico sobreviviente), Guaita explic\u00f3 que se trata de \u201calevos\u00eda, que es actuar\nsobre seguro, sin posibilidad de defensa de las v\u00edctimas; ensa\u00f1amiento, generar\nun sufrimiento innecesario; utilizaci\u00f3n de un medio que genera un peligro\ncom\u00fan, al haber desatado un incendio, y por la premeditaci\u00f3n de tres o m\u00e1s\npersonas\u201d.<\/p>\n\n\n\n<p>La alevos\u00eda se sustenta adem\u00e1s en que fue \u201cen un horario en\nque sab\u00edan que las personas estaban dormidas y aparte les cerraron la puerta\ncon traba por afuera\u201d, refiri\u00f3 el fiscal, y agreg\u00f3: \u201cNadie se esperaba\nsemejante ataque\u201d.<\/p>\n\n\n\n<p>La premeditaci\u00f3n estar\u00eda acreditada en declaraciones de\ntestigos, quienes contaron que durante toda la noche estuvieron planeando el\nataque: al momento en que los celadores abr\u00edan las puertas de las celdas,\nencend\u00edan un colch\u00f3n, lo met\u00edan en la habitaci\u00f3n de las v\u00edctimas y cerraban la\npuerta. Esto mismo genera el \u201cpeligro com\u00fan\u201d, ya que podr\u00edan haber causado un\ndesastre a\u00fan mayor.<\/p>\n\n\n\n<p>Adem\u00e1s, el video de la c\u00e1mara de vigilancia del pabell\u00f3n es\ndemasiado contundente sobre la autor\u00eda de los imputados y sobre el escaso\ntiempo que pas\u00f3 entre que comenzaron los gritos y que los penitenciarios fueron\nal rescate, lo que quitar\u00eda especulaciones de posible complicidad de\ncarceleros.<\/p>\n\n\n\n<p>Kevin Paniagua estaba cumpliendo una pena de 13 a\u00f1os de\nprisi\u00f3n efectiva por dos homicidios cometidos cuando era menor de edad; Ram\u00f3n\nFramulari hab\u00eda recibido seis a\u00f1os por una decena de hechos delictivos, entre\nrobos y balaceras; Maximiliano Chamorro ten\u00eda una condena de cuatro a\u00f1os y\nmedio por asaltos y tiroteos.<\/p>\n","protected":false},"excerpt":{"rendered":"<p>Esta semana, el fiscal de Victoria Eduardo Guaita, que investig\u00f3 el s\u00e9xtuple homicidio ocurrido en la Unidad Penal de Victoria en donde tres internos asesinaron con fuego a otros seis que dorm\u00edan en una celda, present\u00f3 en el Juzgado de Garant\u00edas el requerimiento de elevaci\u00f3n de la causa a juicio. La Fiscal\u00eda los acusa de un delito con agravantes que llevan \u00fanicamente a la prisi\u00f3n perpetua Los tres acusados \u2013Kevin Paniagua, Ram\u00f3n Framulari y Maximiliano Chamorro\u2013 quedaron implicados desde la misma ma\u00f1ana de la tragedia, pero debido a la magnitud&#8230;<\/p>\n","protected":false},"author":3,"featured_media":43919,"comment_status":"closed","ping_status":"closed","sticky":false,"template":"","format":"standard","meta":[],"categories":[15],"tags":[],"_links":{"self":[{"href":"https:\/\/www.actualidadadiario.com\/index.php\/wp-json\/wp\/v2\/posts\/43918"}],"collection":[{"href":"https:\/\/www.actualidadadiario.com\/index.php\/wp-json\/wp\/v2\/posts"}],"about":[{"href":"https:\/\/www.actualidadadiario.com\/index.php\/wp-json\/wp\/v2\/types\/post"}],"author":[{"embeddable":true,"href":"https:\/\/www.actualidadadiario.com\/index.php\/wp-json\/wp\/v2\/users\/3"}],"replies":[{"embeddable":true,"href":"https:\/\/www.actualidadadiario.com\/index.php\/wp-json\/wp\/v2\/comments?post=43918"}],"version-history":[{"count":1,"href":"https:\/\/www.actualidadadiario.com\/index.php\/wp-json\/wp\/v2\/posts\/43918\/revisions"}],"predecessor-version":[{"id":43920,"href":"https:\/\/www.actualidadadiario.com\/index.php\/wp-json\/wp\/v2\/posts\/43918\/revisions\/43920"}],"wp:featuredmedia":[{"embeddable":true,"href":"https:\/\/www.actualidadadiario.com\/index.php\/wp-json\/wp\/v2\/media\/43919"}],"wp:attachment":[{"href":"https:\/\/www.actualidadadiario.com\/index.php\/wp-json\/wp\/v2\/media?parent=43918"}],"wp:term":[{"taxonomy":"category","embeddable":true,"href":"https:\/\/www.actualidadadiario.com\/index.php\/wp-json\/wp\/v2\/categories?post=43918"},{"taxonomy":"post_tag","embeddable":true,"href":"https:\/\/www.actualidadadiario.com\/index.php\/wp-json\/wp\/v2\/tags?post=43918"}],"curies":[{"name":"wp","href":"https:\/\/api.w.org\/{rel}","templated":true}]}}