{"id":43914,"date":"2019-04-24T13:38:58","date_gmt":"2019-04-24T16:38:58","guid":{"rendered":"https:\/\/www.actualidadadiario.com\/?p=43914"},"modified":"2019-05-06T20:54:32","modified_gmt":"2019-05-06T23:54:32","slug":"el-senado-sesionara-la-proxima-semana","status":"publish","type":"post","link":"https:\/\/www.actualidadadiario.com\/index.php\/2019\/04\/24\/el-senado-sesionara-la-proxima-semana\/","title":{"rendered":"El Senado sesionar\u00e1 la pr\u00f3xima semana"},"content":{"rendered":"\n<p><strong><em>La C\u00e1mara de Senadores de la provincia sesionar\u00e1 la semana que viene. En tanto, este mi\u00e9rcoles por la ma\u00f1ana se reunir\u00e1n las comisiones de Legislaci\u00f3n General y de Asuntos constitucionales, y por la tarde habr\u00e1 una reuni\u00f3n ampliada para analizar el C\u00f3digo Procesal Penal<\/em><\/strong><\/p>\n\n\n\n<p><\/p>\n\n\n\n<p><\/p>\n\n\n\n<p>Seg\u00fan se inform\u00f3, el mi\u00e9rcoles 24 de abril a las 10 se\nreunir\u00e1 la comisi\u00f3n de Legislaci\u00f3n General para tratar asuntos pendientes. A\nlas 11 tendr\u00e1 lugar el encuentro de la comisi\u00f3n de Asuntos constitucionales y\nacuerdos, tambi\u00e9n para abordar temas pendientes. Ambas reuniones se\ndesarrollar\u00e1n en la sala de reuniones de comisiones.<\/p>\n\n\n\n<p>A las 17:30, en tanto, se har\u00e1 una reuni\u00f3n de la comisi\u00f3n de\nLegislaci\u00f3n General en el recinto del Senado, para abordar el proyecto de\nC\u00f3digo Procesal Laboral. Para participar de esta actividad fueron invitados\nrepresentantes del Superior Tribunal de Justicia de Entre R\u00edos; del Instituto\ndel Derecho del Trabajo de la Provincia; la presidenta de la Sala Primera del\nTrabajo Paran\u00e1, Mar\u00eda Gabriela L\u00f3pez Arango; el presidente de la Sala Segunda\ndel Trabajo Paran\u00e1, Emilio Luj\u00e1n Matorras; la presidenta de la Sala del Trabajo\nConcordia, Laura Mariana Soage; y el presidente de la Sala del Trabajo\nConcepci\u00f3n del Uruguay, Gustavo E. Marc\u00f3.<\/p>\n","protected":false},"excerpt":{"rendered":"<p>La C\u00e1mara de Senadores de la provincia sesionar\u00e1 la semana que viene. En tanto, este mi\u00e9rcoles por la ma\u00f1ana se reunir\u00e1n las comisiones de Legislaci\u00f3n General y de Asuntos constitucionales, y por la tarde habr\u00e1 una reuni\u00f3n ampliada para analizar el C\u00f3digo Procesal Penal Seg\u00fan se inform\u00f3, el mi\u00e9rcoles 24 de abril a las 10 se reunir\u00e1 la comisi\u00f3n de Legislaci\u00f3n General para tratar asuntos pendientes. A las 11 tendr\u00e1 lugar el encuentro de la comisi\u00f3n de Asuntos constitucionales y acuerdos, tambi\u00e9n para abordar temas pendientes. Ambas reuniones se desarrollar\u00e1n&#8230;<\/p>\n","protected":false},"author":3,"featured_media":43517,"comment_status":"closed","ping_status":"closed","sticky":false,"template":"","format":"standard","meta":[],"categories":[15],"tags":[],"_links":{"self":[{"href":"https:\/\/www.actualidadadiario.com\/index.php\/wp-json\/wp\/v2\/posts\/43914"}],"collection":[{"href":"https:\/\/www.actualidadadiario.com\/index.php\/wp-json\/wp\/v2\/posts"}],"about":[{"href":"https:\/\/www.actualidadadiario.com\/index.php\/wp-json\/wp\/v2\/types\/post"}],"author":[{"embeddable":true,"href":"https:\/\/www.actualidadadiario.com\/index.php\/wp-json\/wp\/v2\/users\/3"}],"replies":[{"embeddable":true,"href":"https:\/\/www.actualidadadiario.com\/index.php\/wp-json\/wp\/v2\/comments?post=43914"}],"version-history":[{"count":1,"href":"https:\/\/www.actualidadadiario.com\/index.php\/wp-json\/wp\/v2\/posts\/43914\/revisions"}],"predecessor-version":[{"id":43915,"href":"https:\/\/www.actualidadadiario.com\/index.php\/wp-json\/wp\/v2\/posts\/43914\/revisions\/43915"}],"wp:featuredmedia":[{"embeddable":true,"href":"https:\/\/www.actualidadadiario.com\/index.php\/wp-json\/wp\/v2\/media\/43517"}],"wp:attachment":[{"href":"https:\/\/www.actualidadadiario.com\/index.php\/wp-json\/wp\/v2\/media?parent=43914"}],"wp:term":[{"taxonomy":"category","embeddable":true,"href":"https:\/\/www.actualidadadiario.com\/index.php\/wp-json\/wp\/v2\/categories?post=43914"},{"taxonomy":"post_tag","embeddable":true,"href":"https:\/\/www.actualidadadiario.com\/index.php\/wp-json\/wp\/v2\/tags?post=43914"}],"curies":[{"name":"wp","href":"https:\/\/api.w.org\/{rel}","templated":true}]}}