{"id":43911,"date":"2019-04-24T13:38:11","date_gmt":"2019-04-24T16:38:11","guid":{"rendered":"https:\/\/www.actualidadadiario.com\/?p=43911"},"modified":"2019-05-06T20:57:22","modified_gmt":"2019-05-06T23:57:22","slug":"que-la-victoria-lograda-por-el-peronismo-en-entre-rios-se-replique-en-todo-el-pais-pidio-urribarri","status":"publish","type":"post","link":"https:\/\/www.actualidadadiario.com\/index.php\/2019\/04\/24\/que-la-victoria-lograda-por-el-peronismo-en-entre-rios-se-replique-en-todo-el-pais-pidio-urribarri\/","title":{"rendered":"\u201cQue la victoria lograda por el peronismo en Entre R\u00edos se replique en todo el pa\u00eds\u201d, pidi\u00f3 Urribarri"},"content":{"rendered":"\n<p><strong><em>El presidente de la C\u00e1mara de Diputados de Entre R\u00edos estuvo presente, anoche, en la inauguraci\u00f3n de la denominada \u201cCasa Patria\u201d de la capital entrerriana. Sergio Daniel Urribarri se mostr\u00f3 junto a Blanca Osuna, Oscar Parrilli y Tristan Bauer<\/em><\/strong><\/p>\n\n\n\n<p><\/p>\n\n\n\n<p><\/p>\n\n\n\n<p><strong>Parrilli: \u201cformar a\nnuestros dirigentes\u201d<\/strong><\/p>\n\n\n\n<p>La \u201cCasa Patria\u201d de Paran\u00e1 &#8220;tiene por objetivo la\nformaci\u00f3n pol\u00edtica de nuestros simpatizantes, afiliados, dirigentes, que es una\nde las directivas que nos dio Cristina Kirchner&#8221;, dijo Parrilli,\npresidente del Instituto Patria, la usina de pensamiento y acci\u00f3n pol\u00edtica del\nkirchnerismo.<\/p>\n\n\n\n<p>El ex secretario general de la Presidencia, durante las\npresidencias de N\u00e9stor y Cristina Kirchner, asegur\u00f3: &#8220;Venimos a Paran\u00e1 a\nponer en marcha un convenio de cooperaci\u00f3n entre el Instituto Patria y Casa\nPatria, que se inaugura hoy. Tiene por objetivo la formaci\u00f3n pol\u00edtica de\nnuestros simpatizantes, afiliados, dirigentes, que es una de las directivas que\nnos dio la ex presidenta Cristina Kirchner, en el Instituto Patria, de formar a\nnuestros dirigentes, de darles conocimiento, saberes&#8221;.<\/p>\n\n\n\n<p>&#8220;Tenemos cursos de formaci\u00f3n pol\u00edtica, de econom\u00eda,\nderechos humanos, relaciones exteriores. La intenci\u00f3n es darle elementos, sobre\ntodo a los j\u00f3venes, para que puedan pensar, razonar, tener criterios propios y\nno ser v\u00edctimas de los vaivenes de los medios de comunicaci\u00f3n que, con\nconsignas, intentan manejar el pensamiento de los argentinos&#8221;, resalt\u00f3.<\/p>\n\n\n\n<p>Manifest\u00f3 asimismo que este martes se comunic\u00f3 con el\ngobernador Bordet &#8220;al que he felicitado por los resultados de las PASO,\ntanto a \u00e9l como a los dirigentes del kirchnerismo en Entre R\u00edos, porque han\nlogrado una unidad que ha sido ejemplo en todo el pa\u00eds y que adem\u00e1s le ha dado\nun triunfo rotundo a este espacio pol\u00edtico y una derrota catastr\u00f3fica a Macri,\na Cambiemos, sobre todo a sus pol\u00edticas&#8221;.<\/p>\n\n\n\n<p>&#8220;Hoy los m\u00e1s afectados por esta perversa pol\u00edtica del\ngobierno, son los trabajadores. Comenzaron dici\u00e9ndoles que un trabajador no\npod\u00eda tener un plan, que no pod\u00eda irse de vacaciones, que no pod\u00eda tener un\ncelular, y terminaron con la comida. Es tan perverso este modelo econ\u00f3mico que\nha endeudado al pa\u00eds, ha destruido la industria nacional, ha destruido el\ntrabajo. Hasta los sectores de la clase media tiene dificultades para acceder a\nlo m\u00e1s elemental que es la comida&#8221;, resalt\u00f3 Parrilli.<\/p>\n\n\n\n<p><strong>Urribarri y el\nobjetivo de terminar con el gobierno de Cambiemos<\/strong><\/p>\n\n\n\n<p>El ex gobernador Sergio Urribarri recurri\u00f3 a las redes\nsociales para destacar el acto kirchnerista de anoche en Entre R\u00edos. \u201cCon la\nmeta de fortalecer al Peronismo Unido y la conducci\u00f3n de nuestra compa\u00f1era\nCristina Fern\u00e1ndez de Kirchner, pusimos en marcha en Paran\u00e1 nuestra Casa\nPatria\u201d, enfatiz\u00f3.<\/p>\n\n\n\n<p>\u00bfC\u00f3mo defini\u00f3 el local partidario el que fue precandidato a\npresidente en 2015? \u201cUn espacio organizado por un grupo de compa\u00f1eros en el que\nse replicar\u00e1n las actividades que se llevan adelante en el Instituto Patria\u201d. <\/p>\n\n\n\n<p>Ponder\u00f3 lo dicho por Parrilli y el cineasta Bauer, ex\nfuncionario de CFK. \u201cDisfrutamos del mensaje de Oscar Parrilli y Trist\u00e1n Bauer,\nque reconocieron la transformaci\u00f3n lograda en la provincia con Cristina\nFern\u00e1ndez de Kirchner en la Casa Rosada y valoraron la tarea que realizamos\npara que la victoria lograda por el peronismo en Entre R\u00edos se replique en todo\nel pa\u00eds\u201d, resalt\u00f3 celebrando el triunfo de Gustavo Bordet en las primarias.<\/p>\n\n\n\n<p>Antes de concluir, Urribarri anticip\u00f3 cu\u00e1l es el prop\u00f3sito\nelectoral del peronismo para este 2019, a la vez que desliz\u00f3 un comentario que\npodr\u00eda relacionarse a su situaci\u00f3n judicial. \u201cEl objetivo de seguir resistiendo\nlos ataques y de trabajar para obtener las victorias electorales necesarias\npara que el 10 de diciembre sea el \u00faltimo d\u00eda de gobierno de Mauricio Macri y\nde Cambiemos en toda la Argentina\u201d, explic\u00f3.<\/p>\n\n\n\n<p><strong>Osuna: \u201cla casa\nabierta para todos\u201d<\/strong><\/p>\n\n\n\n<p>La ex intendenta de Paran\u00e1, Blanca Osuna, se mostr\u00f3 muy\ncontenta con esta inauguraci\u00f3n del local situado en Monte Caseros 449 y con la\npresencia de Parrilli en Paran\u00e1. &#8220;Estamos con vencinos y militantes de la\nciudad, celebrando este encuentro y la apertura de un lugar que va a convocar\nal debate, a la producci\u00f3n de propuestas, y sobre todo, a la unidad&#8221;.<\/p>\n\n\n\n<p>&#8220;Creo que la unidad ha dado un gran paso, que tiene los\nresultados de las PASO. En ese proceso, a trav\u00e9s de esta inauguraci\u00f3n, le\ndaremos m\u00e1s contenido a la unidad. La casa va a estar abierta absolutamente\npara todos, por supuesto convocando a los kirchneristas, a los peronistas, pero\ntambi\u00e9n a quienes no lo son y quieren poner l\u00edmites a las pol\u00edticas de\nMacri&#8221;.<\/p>\n","protected":false},"excerpt":{"rendered":"<p>El presidente de la C\u00e1mara de Diputados de Entre R\u00edos estuvo presente, anoche, en la inauguraci\u00f3n de la denominada \u201cCasa Patria\u201d de la capital entrerriana. Sergio Daniel Urribarri se mostr\u00f3 junto a Blanca Osuna, Oscar Parrilli y Tristan Bauer Parrilli: \u201cformar a nuestros dirigentes\u201d La \u201cCasa Patria\u201d de Paran\u00e1 &#8220;tiene por objetivo la formaci\u00f3n pol\u00edtica de nuestros simpatizantes, afiliados, dirigentes, que es una de las directivas que nos dio Cristina Kirchner&#8221;, dijo Parrilli, presidente del Instituto Patria, la usina de pensamiento y acci\u00f3n pol\u00edtica del kirchnerismo. El ex secretario general&#8230;<\/p>\n","protected":false},"author":3,"featured_media":43912,"comment_status":"closed","ping_status":"closed","sticky":false,"template":"","format":"standard","meta":[],"categories":[9],"tags":[],"_links":{"self":[{"href":"https:\/\/www.actualidadadiario.com\/index.php\/wp-json\/wp\/v2\/posts\/43911"}],"collection":[{"href":"https:\/\/www.actualidadadiario.com\/index.php\/wp-json\/wp\/v2\/posts"}],"about":[{"href":"https:\/\/www.actualidadadiario.com\/index.php\/wp-json\/wp\/v2\/types\/post"}],"author":[{"embeddable":true,"href":"https:\/\/www.actualidadadiario.com\/index.php\/wp-json\/wp\/v2\/users\/3"}],"replies":[{"embeddable":true,"href":"https:\/\/www.actualidadadiario.com\/index.php\/wp-json\/wp\/v2\/comments?post=43911"}],"version-history":[{"count":1,"href":"https:\/\/www.actualidadadiario.com\/index.php\/wp-json\/wp\/v2\/posts\/43911\/revisions"}],"predecessor-version":[{"id":43913,"href":"https:\/\/www.actualidadadiario.com\/index.php\/wp-json\/wp\/v2\/posts\/43911\/revisions\/43913"}],"wp:featuredmedia":[{"embeddable":true,"href":"https:\/\/www.actualidadadiario.com\/index.php\/wp-json\/wp\/v2\/media\/43912"}],"wp:attachment":[{"href":"https:\/\/www.actualidadadiario.com\/index.php\/wp-json\/wp\/v2\/media?parent=43911"}],"wp:term":[{"taxonomy":"category","embeddable":true,"href":"https:\/\/www.actualidadadiario.com\/index.php\/wp-json\/wp\/v2\/categories?post=43911"},{"taxonomy":"post_tag","embeddable":true,"href":"https:\/\/www.actualidadadiario.com\/index.php\/wp-json\/wp\/v2\/tags?post=43911"}],"curies":[{"name":"wp","href":"https:\/\/api.w.org\/{rel}","templated":true}]}}