{"id":43905,"date":"2019-04-24T13:36:41","date_gmt":"2019-04-24T16:36:41","guid":{"rendered":"https:\/\/www.actualidadadiario.com\/?p=43905"},"modified":"2019-05-06T20:56:28","modified_gmt":"2019-05-06T23:56:28","slug":"bordet-a-pesar-de-las-dificultades-nacionales-tenemos-una-provincia-en-marcha","status":"publish","type":"post","link":"https:\/\/www.actualidadadiario.com\/index.php\/2019\/04\/24\/bordet-a-pesar-de-las-dificultades-nacionales-tenemos-una-provincia-en-marcha\/","title":{"rendered":"Bordet: \u201cA pesar de las dificultades nacionales tenemos una provincia en marcha\u201d"},"content":{"rendered":"\n<p><strong><em>A una semana del contundente triunfo electoral en las PASO, el gobernador Gustavo Bordet reuni\u00f3 a su gabinete para ratificar el rumbo de la gesti\u00f3n y profundizar las pol\u00edticas en obra p\u00fablica, y contenci\u00f3n social y sanitaria de la poblaci\u00f3n<\/em><\/strong><\/p>\n\n\n\n<p><\/p>\n\n\n\n<p><\/p>\n\n\n\n<p>\u201cTenemos una provincia que a pesar de toda las dificultades\nnacionales que hay, est\u00e1 en marcha, y eso nos da la confianza y la fuerza para\nseguir adelante&#8221;, expres\u00f3 el gobernador, junto al vicegobernador Ad\u00e1n\nBahl.<\/p>\n\n\n\n<p>\u201cPodemos tener una provincia con equilibrio fiscal, pero a\nsu vez sin recorte de gasto social, ni en salud y sin despedir empleados. Este\nes el capital pol\u00edtico que tenemos para ofrecerle a los entrerrianos, que fue\nbien valorado en las PASO y que vamos a llevar adelante en la campa\u00f1a electoral\npara el 9 de junio\u201d, subray\u00f3.<\/p>\n\n\n\n<p>Al t\u00e9rmino del encuentro, realizado en el Centro Provincial\nde Convenciones, el mandatario expres\u00f3 que en la reuni\u00f3n con el gabinete\nampliado se analiz\u00f3 la marcha de la gesti\u00f3n, \u201cponi\u00e9ndonos de acuerdo en\narticular entre todas las \u00e1reas acciones de gobierno que nos permitan ir\ncumpliendo con lo que tenemos presupuestado y previsto\u201d.<\/p>\n\n\n\n<p>Y agreg\u00f3: \u201cAnalizamos distintos aspectos y siempre es muy\nprovechoso trabajar en equipo, si algo hemos podido concretar en nuestra\ngesti\u00f3n es este trabajo articulado que nos ha dado la oportunidad de llevar a\ncabo acciones y gestiones que en el tiempo dieron sus frutos y\nresultados&#8221;. <\/p>\n\n\n\n<p><strong>Medidas del gobierno\nnacional<\/strong><\/p>\n\n\n\n<p>Respecto a las \u00faltimas medidas lanzadas por el gobierno\nnacional, relacionadas con el plan de precios esenciales y otras cuestiones,\nse\u00f1al\u00f3: \u201cQuisiera ser optimista, pero la verdad es que no hubo ninguna consulta\na los gobernadores, lo que sabemos del plan es lo que trascendi\u00f3 por los medios\nde comunicaci\u00f3n, no tenemos otra informaci\u00f3n al respecto. Opinar sobre algo\nsobre lo que no tuvimos ninguna consulta previa y tampoco tenemos el\nconocimiento cabal de en qu\u00e9 consisten las medidas o como se van a implementar,\nme exime\u201d.<\/p>\n\n\n\n<p>Luego indic\u00f3: \u201cOjal\u00e1 den resultado porque la gente necesita\nun respiro, tenemos una inflaci\u00f3n que cada vez es m\u00e1s alta. Hoy la inflaci\u00f3n\nanualizada est\u00e1 en el 55 por ciento y todo hace pensar que despu\u00e9s de abril va\na estar en el 57 por ciento\u201d.<\/p>\n\n\n\n<p><strong>Elecciones<\/strong><\/p>\n\n\n\n<p>En otro orden, al ser consultado por la prensa sobre las\nelecciones generales en la provincia el 9 de junio, dijo que, si bien no se\nhabl\u00f3 del tema en la reuni\u00f3n de gabinete, \u201cnosotros estamos participando y\nvamos a participar de la campa\u00f1a pol\u00edtica\u201d. Tras ello apunt\u00f3: \u201cFundamentalmente\nlo que nosotros planteamos es generarle a los entrerrianos la confianza, la\nprevisibilidad, una provincia ordenada. Lo que nosotros prometemos lo\ncumplimos, y efectivamente lo estamos haciendo. Plantear que se puede estar en\nuna provincia con equilibrio fiscal, pero a su vez sin recorte de gasto social,\nni en salud y sin despedir empleados. Este es el capital pol\u00edtico que tenemos\npara ofrecerle a los entrerrianos, que fue bien valorado en las PASO y que\nvamos a llevar adelante en la campa\u00f1a electoral para el 9 de junio\u201d, subray\u00f3.<\/p>\n\n\n\n<p>Sobre los resultados del escrutinio, advirti\u00f3: &#8220;Las\nelecciones ya pasaron, hoy estamos en otra etapa, muy contentos porque el\nresultado nos arroja 25 puntos de diferencia, y una elecci\u00f3n que super\u00f3 el 58\npor ciento realmente es hist\u00f3rica. Pero hoy empezamos de nuevo, estamos\ntrabajando fuertemente para no defraudar ese voto de confianza de los\nentrerrianos. La mejor manera es trabajando. Al otro d\u00eda de las elecciones ya\nest\u00e1bamos siguiendo adelante con las acciones. Estamos muy entusiasmados no\ns\u00f3lo por el resultados sino porque queremos una provincia que a pesar de todas\nlas dificultades nacionales que hay, y que son much\u00edsimas, est\u00e1 en marcha y eso\nnos da la confianza y la fuerza para seguir adelante&#8221;.<\/p>\n\n\n\n<p>Por su parte, el vicegobernador, Ad\u00e1n Bahl, dijo que\n&#8220;para lograr los objetivos hay que trabajar, coordinadamente. Como dec\u00eda\nel gobernador, se hace un tremendo esfuerzo para cumplir con todas las\nobligaciones de la provincia, manteniendo un equilibrio&#8221;. <\/p>\n\n\n\n<p>Manifest\u00f3 luego &#8220;la preocupaci\u00f3n porque este te\u00f3rico\nequilibrio que est\u00e1 logrando la Naci\u00f3n est\u00e1 dejando de lado a la mayor\u00eda de los\nargentinos. Uno ve y analiza que, en la medida en que no se vaya por un modelo\nproductivo y de industrializaci\u00f3n, con ajustes solamente, no se encuentran los\nmotores para hacer despegar el pa\u00eds. Estas medidas son un paliativo pero a\u00fan no\nvemos las medidas de fondo. Y eso es preocupante porque impacta directamente en\nlas econom\u00edas regionales y en el bolsillo de cada persona&#8221;.<\/p>\n","protected":false},"excerpt":{"rendered":"<p>A una semana del contundente triunfo electoral en las PASO, el gobernador Gustavo Bordet reuni\u00f3 a su gabinete para ratificar el rumbo de la gesti\u00f3n y profundizar las pol\u00edticas en obra p\u00fablica, y contenci\u00f3n social y sanitaria de la poblaci\u00f3n \u201cTenemos una provincia que a pesar de toda las dificultades nacionales que hay, est\u00e1 en marcha, y eso nos da la confianza y la fuerza para seguir adelante&#8221;, expres\u00f3 el gobernador, junto al vicegobernador Ad\u00e1n Bahl. \u201cPodemos tener una provincia con equilibrio fiscal, pero a su vez sin recorte de&#8230;<\/p>\n","protected":false},"author":3,"featured_media":43906,"comment_status":"closed","ping_status":"closed","sticky":false,"template":"","format":"standard","meta":[],"categories":[9],"tags":[],"_links":{"self":[{"href":"https:\/\/www.actualidadadiario.com\/index.php\/wp-json\/wp\/v2\/posts\/43905"}],"collection":[{"href":"https:\/\/www.actualidadadiario.com\/index.php\/wp-json\/wp\/v2\/posts"}],"about":[{"href":"https:\/\/www.actualidadadiario.com\/index.php\/wp-json\/wp\/v2\/types\/post"}],"author":[{"embeddable":true,"href":"https:\/\/www.actualidadadiario.com\/index.php\/wp-json\/wp\/v2\/users\/3"}],"replies":[{"embeddable":true,"href":"https:\/\/www.actualidadadiario.com\/index.php\/wp-json\/wp\/v2\/comments?post=43905"}],"version-history":[{"count":1,"href":"https:\/\/www.actualidadadiario.com\/index.php\/wp-json\/wp\/v2\/posts\/43905\/revisions"}],"predecessor-version":[{"id":43907,"href":"https:\/\/www.actualidadadiario.com\/index.php\/wp-json\/wp\/v2\/posts\/43905\/revisions\/43907"}],"wp:featuredmedia":[{"embeddable":true,"href":"https:\/\/www.actualidadadiario.com\/index.php\/wp-json\/wp\/v2\/media\/43906"}],"wp:attachment":[{"href":"https:\/\/www.actualidadadiario.com\/index.php\/wp-json\/wp\/v2\/media?parent=43905"}],"wp:term":[{"taxonomy":"category","embeddable":true,"href":"https:\/\/www.actualidadadiario.com\/index.php\/wp-json\/wp\/v2\/categories?post=43905"},{"taxonomy":"post_tag","embeddable":true,"href":"https:\/\/www.actualidadadiario.com\/index.php\/wp-json\/wp\/v2\/tags?post=43905"}],"curies":[{"name":"wp","href":"https:\/\/api.w.org\/{rel}","templated":true}]}}