{"id":43899,"date":"2019-04-23T10:56:27","date_gmt":"2019-04-23T13:56:27","guid":{"rendered":"https:\/\/www.actualidadadiario.com\/?p=43899"},"modified":"2019-05-06T20:56:39","modified_gmt":"2019-05-06T23:56:39","slug":"bolsonaro-contra-la-revision-de-la-dictadura","status":"publish","type":"post","link":"https:\/\/www.actualidadadiario.com\/index.php\/2019\/04\/23\/bolsonaro-contra-la-revision-de-la-dictadura\/","title":{"rendered":"Bolsonaro contra la revisi\u00f3n de la dictadura"},"content":{"rendered":"\n<p><strong><em>Antrop\u00f3logos forenses analizaban restos encontrados en fosas comunes en San Pablo, entre los cuales ya se descubrieron v\u00edctimas del r\u00e9gimen militar<\/em><\/strong><\/p>\n\n\n\n<p><\/p>\n\n\n\n<p><\/p>\n\n\n\n<p>Quitar de ra\u00edz todo rastro de la dictadura. Jair Bolsonaro\ndisimul\u00f3 dentro de un conjunto de medidas sobre varios asuntos la que orden\u00f3\nponer fin al trabajo de un grupo de forenses dedicados a identificar los\ncuerpos sin nombre hallados en San Pablo entre los cuales ya se descubrieron\nv\u00edctimas del r\u00e9gimen militar. Anunciado luego de la ceremon\u00eda del D\u00eda del\nEj\u00e9rcito, realizada la semana pasada, el \u201cdecreto \u00f3mnibus\u201d 9.759 determin\u00f3\nacabar con las pesquisas sobre los restos descubiertos hace casi tres d\u00e9cadas\nen fosas comunes del Cementerio de Perus, ubicado en la zona norte paulistana. <\/p>\n\n\n\n<p>Entre los m\u00e1s de seiscientos cad\u00e1veres encontrados el 85 por\nciento corresponde a hombres y el 5 por ciento a ni\u00f1os. Por cierto, una parte\nde ellos corresponde a personas que viv\u00edan en situaci\u00f3n de calle pero lo que\na\u00fan no se determin\u00f3 es cu\u00e1ntos fueron militantes.<\/p>\n\n\n\n<p>Los trabajos en curso indicaron que en m\u00e1s de un caj\u00f3n se\nencontraron por lo menos dos cuerpos y que un n\u00famero importante mostraba signos\nde violencia. <\/p>\n\n\n\n<p>Una de las \u00faltimas identificaciones ocurri\u00f3 el a\u00f1o pasado\ncuando el Ministerio de Derechos Humanos report\u00f3 el hallazgo del sindicalista y\nguerrillero Aluizio Palhano Pedreira Ferreira. Desaparecido en 1971, Pedreira\nFerreira integr\u00f3 la Vanguardia Popular Revolucionaria liderada por el ex capit\u00e1n\ndel ej\u00e9rcito Carlos Lamarca. <\/p>\n\n\n\n<p>Recientemente Bolsonaro record\u00f3 que a poco de ingresar como\ncadete militar, en los a\u00f1os 70, particip\u00f3 en la b\u00faqueda de Lamarca en el\ninterior de San Pablo.<\/p>\n\n\n\n<p>El jueves \u00faltimo al presentar el paquete con varios decretos\nel mandatario no cit\u00f3 la extinci\u00f3n del equipo de identificaci\u00f3n de los NN\nformado por iniciativa del Ministerio P\u00fablico durante el gobierno de Dilma\nRousseff. Ni hizo menci\u00f3n a la finalizaci\u00f3n de los trabajos realizados por otro\ngrupo de especialistas en Araguaia, regi\u00f3n amaz\u00f3nica, donde fueron asesinados y\ndesaparecidos guerrilleros que se opusieron al r\u00e9gimen. <\/p>\n\n\n\n<p>Estas investigaciones tambi\u00e9n tuvieron el respaldo de\nRousseff.<\/p>\n\n\n\n<p>Bolsonaro jam\u00e1s le perdonar\u00e1 a la ex presa pol\u00edtica su enfrentamiento\narmado de la dictadura y luego, en su primer mandato presidencial (2011-2014),\nhaber creado la Comisi\u00f3n de la Verdad sobre el gobierno de facto. <\/p>\n\n\n\n<p>La procuradora federal Eugenia Gonzaga rechaz\u00f3 la orden\npresidencial y anunci\u00f3 que el Grupo de Trabajo sobre el cementerio paulistano.<\/p>\n\n\n\n<p>\u201cNosotros entendemos que el Grupo contin\u00faa funcionando\nindependientemente del decreto, el problema es que tenemos que renovar el\nacuerdo con la Universidad Federal de San Pablo\u201d, se\u00f1al\u00f3 la fiscal que adem\u00e1s\ndirige la Comisi\u00f3n Especial sobre Muertos y Desaparecidos Pol\u00edticos de la\nDictadura.<\/p>\n\n\n\n<p>Dejar sin efecto las pesquisas de los cuerpos NN del\nCementerio Perus guarda coherencia con la obsesi\u00f3n bolsonarista por convencer a\nlos brasile\u00f1os de que jam\u00e1s vivieron bajo un gobierno de excepci\u00f3n. \u201cNo fue\ndictadura\u201d asegur\u00f3 el mes pasado al ser indagado sobre lo ocurrido el 31 de\nmarzo de 1964 cuando fue depuesto el presidente electo Joao Goulart cuyo cargo\nfue ocuado por el general Humberto Castelo Branco. <\/p>\n\n\n\n<p>El 31 de marzo pasado se \u201cconmemor\u00f3\u201d en las principales\nunidades castrenses el inicio de la experiencia autoritaria m\u00e1s prolongada de\nAm\u00e9rica Latina despu\u00e9s de la paraguaya conducida por el general Alfredo\nStroessner (reivindicado en otro acto oficial por Bolsonaro).<\/p>\n\n\n\n<p>Siendo diputado federal el ahora presidente sum\u00f3 a sus\nfrecuentes apolog\u00edas dictatoriales un ataque a la b\u00fasqueda de las identidades\nde los restos del Cementerio de Perus. \u201cQuienes buscan huesos son los perros\u201d.<\/p>\n\n\n\n<p>Ahora, en el Palacio del Planalto, pone al aparato del\nEstado al servicio del negacionismo hist\u00f3rico ordenando que los libros\nescolares borren las referencias sobre la opresi\u00f3n de los a\u00f1os de plomo. Si\nbien ese proyecto del Ministerio de Educaci\u00f3n fue dejado sin efecto ante la\nrepulsa causada, no se descarta que la medida sea restaurada a trav\u00e9s de alguna\ntrampa administrativa. <\/p>\n\n\n\n<p>El nuevo dise\u00f1o del Ministerio de Derechos Humanos tambi\u00e9n\nfue concebido dentro de este plan amn\u00e9sico.<\/p>\n\n\n\n<p>Desde enero el organismo fue convertido en Ministerio de\nMujer, Familia y Derechos Humanos al frente del cual designada la (presunta)\nabogada Damares Alves. La pastora evang\u00e9lica implement\u00f3 una pol\u00edtica hostil\nhacia las reparaciones econ\u00f3micas pagadas por el Estado a los ex presos\npol\u00edticos.<\/p>\n","protected":false},"excerpt":{"rendered":"<p>Antrop\u00f3logos forenses analizaban restos encontrados en fosas comunes en San Pablo, entre los cuales ya se descubrieron v\u00edctimas del r\u00e9gimen militar Quitar de ra\u00edz todo rastro de la dictadura. Jair Bolsonaro disimul\u00f3 dentro de un conjunto de medidas sobre varios asuntos la que orden\u00f3 poner fin al trabajo de un grupo de forenses dedicados a identificar los cuerpos sin nombre hallados en San Pablo entre los cuales ya se descubrieron v\u00edctimas del r\u00e9gimen militar. Anunciado luego de la ceremon\u00eda del D\u00eda del Ej\u00e9rcito, realizada la semana pasada, el \u201cdecreto \u00f3mnibus\u201d&#8230;<\/p>\n","protected":false},"author":3,"featured_media":43900,"comment_status":"closed","ping_status":"closed","sticky":false,"template":"","format":"standard","meta":[],"categories":[4],"tags":[],"_links":{"self":[{"href":"https:\/\/www.actualidadadiario.com\/index.php\/wp-json\/wp\/v2\/posts\/43899"}],"collection":[{"href":"https:\/\/www.actualidadadiario.com\/index.php\/wp-json\/wp\/v2\/posts"}],"about":[{"href":"https:\/\/www.actualidadadiario.com\/index.php\/wp-json\/wp\/v2\/types\/post"}],"author":[{"embeddable":true,"href":"https:\/\/www.actualidadadiario.com\/index.php\/wp-json\/wp\/v2\/users\/3"}],"replies":[{"embeddable":true,"href":"https:\/\/www.actualidadadiario.com\/index.php\/wp-json\/wp\/v2\/comments?post=43899"}],"version-history":[{"count":1,"href":"https:\/\/www.actualidadadiario.com\/index.php\/wp-json\/wp\/v2\/posts\/43899\/revisions"}],"predecessor-version":[{"id":43901,"href":"https:\/\/www.actualidadadiario.com\/index.php\/wp-json\/wp\/v2\/posts\/43899\/revisions\/43901"}],"wp:featuredmedia":[{"embeddable":true,"href":"https:\/\/www.actualidadadiario.com\/index.php\/wp-json\/wp\/v2\/media\/43900"}],"wp:attachment":[{"href":"https:\/\/www.actualidadadiario.com\/index.php\/wp-json\/wp\/v2\/media?parent=43899"}],"wp:term":[{"taxonomy":"category","embeddable":true,"href":"https:\/\/www.actualidadadiario.com\/index.php\/wp-json\/wp\/v2\/categories?post=43899"},{"taxonomy":"post_tag","embeddable":true,"href":"https:\/\/www.actualidadadiario.com\/index.php\/wp-json\/wp\/v2\/tags?post=43899"}],"curies":[{"name":"wp","href":"https:\/\/api.w.org\/{rel}","templated":true}]}}