{"id":43885,"date":"2019-04-23T10:52:53","date_gmt":"2019-04-23T13:52:53","guid":{"rendered":"https:\/\/www.actualidadadiario.com\/?p=43885"},"modified":"2019-05-06T20:55:46","modified_gmt":"2019-05-06T23:55:46","slug":"designan-a-una-nueva-fiscal-colaboradora-de-stornelli-para-la-causa-de-los-cuadernos","status":"publish","type":"post","link":"https:\/\/www.actualidadadiario.com\/index.php\/2019\/04\/23\/designan-a-una-nueva-fiscal-colaboradora-de-stornelli-para-la-causa-de-los-cuadernos\/","title":{"rendered":"Designan a una nueva fiscal colaboradora de Stornelli para la causa de los Cuadernos"},"content":{"rendered":"\n<p><strong><em>Fabiana Le\u00f3n lleg\u00f3 por recomendaci\u00f3n del fiscal Germ\u00e1n Moldes. Los rumores sobre los pol\u00e9micos tuits de la funcionaria<\/em><\/strong><\/p>\n\n\n\n<p><\/p>\n\n\n\n<p><\/p>\n\n\n\n<p>El procurador general de la Naci\u00f3n interino, Eduardo Casal,\ndispuso que la fiscal general Fabiana Le\u00f3n se sume al equipo de fiscales que\ncolabora con Carlos Stornelli en la denominada causa de los Cuadernos de las\ncoimas. <\/p>\n\n\n\n<p>Casal emiti\u00f3 una resoluci\u00f3n a trav\u00e9s de la cual design\u00f3 a la\ntitular de la Fiscal\u00eda N\u00b05 ante los Tribunales Orales en lo Criminal Federal\n&#8220;para colaborar como representante de este Ministerio P\u00fablico Fiscal,\njunto con los dem\u00e1s intervinientes en la causa&#8221;. <\/p>\n\n\n\n<p>&#8220;A fin de asegurar un eficiente y adecuado desempe\u00f1o de\nlas funciones del Ministerio P\u00fablico Fiscal, corresponde adoptar aquellas\nmedidas tendientes a posibilitar un mejor aprovechamiento de los recursos\nhumanos disponibles y favorecer as\u00ed la defensa de los intereses por los que el\norganismo debe velar&#8221;, sostuvo Casal. <\/p>\n\n\n\n<p>La designaci\u00f3n que lleva fecha del 15 de abril pero que\ntrascendi\u00f3 hoy se produjo tras un pedido formulado por el fiscal ante la C\u00e1mara\nFederal porte\u00f1a, Germ\u00e1n Moldes, al propio procurador Casal.<\/p>\n\n\n\n<p>Stornelli le hab\u00eda requerido a Moldes que formalizara el\npedido de colaboraci\u00f3n semanas despu\u00e9s de que su nombre apareciera asociado a\nla denuncia por extorsi\u00f3n del caso D&#8217;Alessio, radicada en el juzgado federal de\nDolores a cargo de Alejo Ramos Padilla, por la que fue imputado y declarado en\nrebeld\u00eda tras negarse a prestar declaraci\u00f3n indagatoria en cuatro ocasiones, al\ntiempo que la C\u00e1mara de Casaci\u00f3n Penal Federal le denegara la recusaci\u00f3n del\nmagistrado que lo investiga. <\/p>\n\n\n\n<p>&#8220;La magnitud, entidad y caracter\u00edsticas de la maniobra\ninvestigada (en la causa Cuadernos), el volumen de las actuaciones principales\ny de la documentaci\u00f3n referida al objeto procesal, la utilizaci\u00f3n de novedosas\nherramientas de investigaci\u00f3n y el compromiso y esfuerzo personal que importa\neste proceso son elementos a considerar para dar respuesta favorable al\nrequerimiento de colaboraci\u00f3n frente a lo que est\u00e1 por venir&#8221;, sostuvo\nMoldes cuando elev\u00f3 el pedido a la procuraci\u00f3n. <\/p>\n\n\n\n<p>El fiscal de la Causa de los Cuadernos, en la que se\ninvestiga una supuesta asociaci\u00f3n il\u00edcita dedicada a recaudar coimas de\nempresarios de la obra p\u00fablica, es Stornelli, pero junto con \u00e9l ya trabaja su\ncolega Carlos R\u00edvolo y colabora tambi\u00e9n el fiscal Gabriel P\u00e9rez Barber\u00e1.<\/p>\n\n\n\n<p>Fuentes judiciales aseguraron que Fabiana Le\u00f3n posee una\ncuenta de Twitter en la que se registraron muy pol\u00e9micos tuits contra el\nkirchnerismo. No obstante, la cuenta cambi\u00f3 su status de &#8220;P\u00fablico&#8221; a\n&#8220;Privado&#8221; al conocerse los rumores y la fiscal desmiente que haya\nsido ella quien escribi\u00f3 esas publicaciones. <\/p>\n\n\n\n<p>Algunos de los twits fueron publicados por el periodista\nIv\u00e1n Schargrodsky y dec\u00edan &#8220;Felices pascuas. Sin kirchnerismo, la casa\nest\u00e1 en orden&#8221;, &#8220;Hola Baradel. Morite&#8221; y retweets que dec\u00edan\n&#8220;Haga patria, despinte un pa\u00f1uelo!!!&#8221; y &#8220;\u00bfD\u00f3nde est\u00e1 Santiago\nMaldonado? Puteando a N\u00e9stor y Cristina. PELOTUDOS&#8221;.<\/p>\n","protected":false},"excerpt":{"rendered":"<p>Fabiana Le\u00f3n lleg\u00f3 por recomendaci\u00f3n del fiscal Germ\u00e1n Moldes. Los rumores sobre los pol\u00e9micos tuits de la funcionaria El procurador general de la Naci\u00f3n interino, Eduardo Casal, dispuso que la fiscal general Fabiana Le\u00f3n se sume al equipo de fiscales que colabora con Carlos Stornelli en la denominada causa de los Cuadernos de las coimas. Casal emiti\u00f3 una resoluci\u00f3n a trav\u00e9s de la cual design\u00f3 a la titular de la Fiscal\u00eda N\u00b05 ante los Tribunales Orales en lo Criminal Federal &#8220;para colaborar como representante de este Ministerio P\u00fablico Fiscal, junto&#8230;<\/p>\n","protected":false},"author":3,"featured_media":43886,"comment_status":"closed","ping_status":"closed","sticky":false,"template":"","format":"standard","meta":[],"categories":[18],"tags":[],"_links":{"self":[{"href":"https:\/\/www.actualidadadiario.com\/index.php\/wp-json\/wp\/v2\/posts\/43885"}],"collection":[{"href":"https:\/\/www.actualidadadiario.com\/index.php\/wp-json\/wp\/v2\/posts"}],"about":[{"href":"https:\/\/www.actualidadadiario.com\/index.php\/wp-json\/wp\/v2\/types\/post"}],"author":[{"embeddable":true,"href":"https:\/\/www.actualidadadiario.com\/index.php\/wp-json\/wp\/v2\/users\/3"}],"replies":[{"embeddable":true,"href":"https:\/\/www.actualidadadiario.com\/index.php\/wp-json\/wp\/v2\/comments?post=43885"}],"version-history":[{"count":1,"href":"https:\/\/www.actualidadadiario.com\/index.php\/wp-json\/wp\/v2\/posts\/43885\/revisions"}],"predecessor-version":[{"id":43887,"href":"https:\/\/www.actualidadadiario.com\/index.php\/wp-json\/wp\/v2\/posts\/43885\/revisions\/43887"}],"wp:featuredmedia":[{"embeddable":true,"href":"https:\/\/www.actualidadadiario.com\/index.php\/wp-json\/wp\/v2\/media\/43886"}],"wp:attachment":[{"href":"https:\/\/www.actualidadadiario.com\/index.php\/wp-json\/wp\/v2\/media?parent=43885"}],"wp:term":[{"taxonomy":"category","embeddable":true,"href":"https:\/\/www.actualidadadiario.com\/index.php\/wp-json\/wp\/v2\/categories?post=43885"},{"taxonomy":"post_tag","embeddable":true,"href":"https:\/\/www.actualidadadiario.com\/index.php\/wp-json\/wp\/v2\/tags?post=43885"}],"curies":[{"name":"wp","href":"https:\/\/api.w.org\/{rel}","templated":true}]}}