{"id":43882,"date":"2019-04-23T10:52:14","date_gmt":"2019-04-23T13:52:14","guid":{"rendered":"https:\/\/www.actualidadadiario.com\/?p=43882"},"modified":"2019-05-06T20:51:47","modified_gmt":"2019-05-06T23:51:47","slug":"mauricio-macri-recibe-a-gobernadores-de-cambiemos-y-estudian-relanzar-el-ahora-12","status":"publish","type":"post","link":"https:\/\/www.actualidadadiario.com\/index.php\/2019\/04\/23\/mauricio-macri-recibe-a-gobernadores-de-cambiemos-y-estudian-relanzar-el-ahora-12\/","title":{"rendered":"Mauricio Macri recibe a gobernadores de Cambiemos y estudian relanzar el Ahora 12"},"content":{"rendered":"\n<p><strong><em>Junto a Marcos Pe\u00f1a y Rogelio Frigerio, el presidente y los mandatarios debatir\u00e1n sobre la pr\u00f3xima Convenci\u00f3n de la UCR<\/em><\/strong><\/p>\n\n\n\n<p><\/p>\n\n\n\n<p><\/p>\n\n\n\n<p>El Gobierno contin\u00faa esta semana con la serie de reuniones\nque encar\u00f3 para analizar las medidas econ\u00f3micas anunciadas la semana pasada\npara contener la inflaci\u00f3n de cara a las elecciones, pero sin perder de vista\nlas alianzas pol\u00edticas indispensables para los pr\u00f3ximos comicios. En ese marco,\ncinco gobernadores se reunir\u00e1n este martes 24 de abril en la Casa Rosada con el\npresidente Mauricio Macri, y otros funcionarios, para analizar la coyuntura\npol\u00edtica, estudiata la implementaci\u00f3n de nuevos programas \u2014entre ellos, el\nregreso del programa de compra en cuotas Ahora 12\u2014, y avanzar con la estrategia\npara la Convenci\u00f3n de la UCR. <\/p>\n\n\n\n<p>En el encuentro, los mandatarios y los funcionarios\nanalizar\u00e1n la implementaci\u00f3n de las medidas anunciadas la semana pasada, entre\nellas \u201cProductos Esenciales\u201d. Se espera que asistan el jefe de Gobierno de la\nCiudad de Buenos Aires, Horacio Rodr\u00edguez Larreta; la gobernadora de la provincia\nde Buenos Aires Mar\u00eda Eugenia Vidal; y sus pares Alfredo Cornejo (Mendoza),\nGustavo Vald\u00e9s (Corrientes) y Gerardo Morales (Jujuy).<\/p>\n\n\n\n<p>Seg\u00fan anticip\u00f3 La Naci\u00f3n, el Gobierno nacional les\npresentar\u00e1 a los mandatarios provinciales otras medidas que podr\u00eda poner en\nmarcha en los pr\u00f3ximos d\u00edas, como los planes de pago en cuotas fijas con el\nobjetivo a fomentar el consumo y reactivar la producci\u00f3n en los sectores de\ntextiles y electrodom\u00e9sticos. <\/p>\n\n\n\n<p>El encuentro est\u00e1 previsto para las 15 en Balcarce 50, donde\ntambi\u00e9n se espera la presencia del jefe de Gabinete, Marcos Pe\u00f1a, y el ministro\ndel Interior, Rogelio Frigerio, quienes esperan escuchar avances sobre la\nConvenci\u00f3n de la Uni\u00f3n C\u00edvica Radical (UCR), prevista para mediados de mayo,\ndonde el radicalismo debe definir su futuro dentro de Cambiemos.<\/p>\n\n\n\n<p>Pe\u00f1a se reunir\u00e1 m\u00e1s tarde con el vicepresidente segundo de\nla Uni\u00f3n C\u00edvica Radical, Federico Storani, y ma\u00f1ana mi\u00e9rcoles con Ricardo\nAlfons\u00edn, en un intento por limar asperezas con los radicales m\u00e1s cr\u00edticos de\nla gesti\u00f3n del PRO. <\/p>\n\n\n\n<p>Por su parte, la gobernadora bonaerense tiene previsto\nrelanzar los descuentos de 50% en supermercados para las compras con tarjetas\nde d\u00e9bito y cr\u00e9dito del Banco Provincia, dejar en suspenso el aumento del 8% en\nlas tarifas de la luz y pondr\u00e1 en marcha un esquema de descuentos en\nmedicamentos para los afiliados a IOMA.<\/p>\n\n\n\n<p>Rodr\u00edguez Larreta ya hab\u00eda anunciado la suspensi\u00f3n del\naumento de la tarifa del subte que estaba previsto para el mes pr\u00f3ximo, luego\ndel acuerdo de precios lanzado por el Gobierno con 64 productos esenciales de\nla canasta b\u00e1sica con valores que se mantendr\u00e1n por al menos seis meses. <\/p>\n\n\n\n<p>Tambi\u00e9n establecieron cr\u00e9ditos para jubilados, mayores\ncontroles a las empresas a trav\u00e9s del nuevo r\u00e9gimen de lealtad comercial y la\nsuspensi\u00f3n de los aumentos de tarifas de electricidad, gas, transporte p\u00fablico\ny peaje en lo que resta del a\u00f1o.<\/p>\n","protected":false},"excerpt":{"rendered":"<p>Junto a Marcos Pe\u00f1a y Rogelio Frigerio, el presidente y los mandatarios debatir\u00e1n sobre la pr\u00f3xima Convenci\u00f3n de la UCR El Gobierno contin\u00faa esta semana con la serie de reuniones que encar\u00f3 para analizar las medidas econ\u00f3micas anunciadas la semana pasada para contener la inflaci\u00f3n de cara a las elecciones, pero sin perder de vista las alianzas pol\u00edticas indispensables para los pr\u00f3ximos comicios. En ese marco, cinco gobernadores se reunir\u00e1n este martes 24 de abril en la Casa Rosada con el presidente Mauricio Macri, y otros funcionarios, para analizar la&#8230;<\/p>\n","protected":false},"author":3,"featured_media":43883,"comment_status":"closed","ping_status":"closed","sticky":false,"template":"","format":"standard","meta":[],"categories":[18],"tags":[],"_links":{"self":[{"href":"https:\/\/www.actualidadadiario.com\/index.php\/wp-json\/wp\/v2\/posts\/43882"}],"collection":[{"href":"https:\/\/www.actualidadadiario.com\/index.php\/wp-json\/wp\/v2\/posts"}],"about":[{"href":"https:\/\/www.actualidadadiario.com\/index.php\/wp-json\/wp\/v2\/types\/post"}],"author":[{"embeddable":true,"href":"https:\/\/www.actualidadadiario.com\/index.php\/wp-json\/wp\/v2\/users\/3"}],"replies":[{"embeddable":true,"href":"https:\/\/www.actualidadadiario.com\/index.php\/wp-json\/wp\/v2\/comments?post=43882"}],"version-history":[{"count":1,"href":"https:\/\/www.actualidadadiario.com\/index.php\/wp-json\/wp\/v2\/posts\/43882\/revisions"}],"predecessor-version":[{"id":43884,"href":"https:\/\/www.actualidadadiario.com\/index.php\/wp-json\/wp\/v2\/posts\/43882\/revisions\/43884"}],"wp:featuredmedia":[{"embeddable":true,"href":"https:\/\/www.actualidadadiario.com\/index.php\/wp-json\/wp\/v2\/media\/43883"}],"wp:attachment":[{"href":"https:\/\/www.actualidadadiario.com\/index.php\/wp-json\/wp\/v2\/media?parent=43882"}],"wp:term":[{"taxonomy":"category","embeddable":true,"href":"https:\/\/www.actualidadadiario.com\/index.php\/wp-json\/wp\/v2\/categories?post=43882"},{"taxonomy":"post_tag","embeddable":true,"href":"https:\/\/www.actualidadadiario.com\/index.php\/wp-json\/wp\/v2\/tags?post=43882"}],"curies":[{"name":"wp","href":"https:\/\/api.w.org\/{rel}","templated":true}]}}