{"id":43874,"date":"2019-04-23T10:50:20","date_gmt":"2019-04-23T13:50:20","guid":{"rendered":"https:\/\/www.actualidadadiario.com\/?p=43874"},"modified":"2019-05-06T20:52:10","modified_gmt":"2019-05-06T23:52:10","slug":"macri-culpo-otra-vez-al-gobierno-anterior-y-dijo-fue-el-peor-ano-de-mi-vida","status":"publish","type":"post","link":"https:\/\/www.actualidadadiario.com\/index.php\/2019\/04\/23\/macri-culpo-otra-vez-al-gobierno-anterior-y-dijo-fue-el-peor-ano-de-mi-vida\/","title":{"rendered":"Macri culp\u00f3 otra vez al Gobierno anterior y dijo: &#8220;Fue el peor a\u00f1o de mi vida&#8221;"},"content":{"rendered":"\n<p><strong><em>El presidente dio una entrevista para la tv y dej\u00f3 muchas definiciones sobre el Gobierno anterior y su actual mandato<\/em><\/strong><\/p>\n\n\n\n<p><\/p>\n\n\n\n<p><\/p>\n\n\n\n<p>Una nueva aparici\u00f3n televisiva del presidente Mauricio\nMacri, en medio del tenso clima por la crisis econ\u00f3mica que desde su Gobierno\nintentan apaciguar con diferentes medidas econ\u00f3micas, sumado a los recientes\nrelevamientos que lo dan como perdedor en un balotaje frente a la expresidenta\nCristina Fern\u00e1ndez de Kirchner, dej\u00f3 demasiadas frases en el tintero y muchos\npuntos interesantes para analizar.<\/p>\n\n\n\n<p>&#8220;El kirchnerismo tiene la misma intenci\u00f3n de voto y\nmuchos votantes de Cambiemos pasaron a indecisos. Va a ser una elecci\u00f3n\npareja&#8221;, asegur\u00f3 el mandatario en una entrevista con la presentadora\nViviana Canosa, que se transmitir\u00e1 esta noche por Canal 9.<\/p>\n\n\n\n<p>M\u00e1s all\u00e1 del an\u00e1lisis inicial, el presidente se despeg\u00f3 de\nlas pol\u00edticas del gobierno anterior y los critic\u00f3 con dureza: &#8220;No podemos\nvolver atr\u00e1s. La vuelta atr\u00e1s genera mucha incertidumbre. No volvamos a las\nmismas mentiras. Heredamos una bomba. Nos vaciaron las reservas. Peor que lo\nque robaron en la d\u00e9cada pasada es lo que desperdiciaron. Antes no ten\u00edan\ncloacas y conviv\u00edan con la mierda. No med\u00edan la pobreza para no\nestigmatizar&#8221;. <\/p>\n\n\n\n<p>Adem\u00e1s de analizar la fuerza electoral del espacio que\nlidera Cristina Kirchner, con quien polariza en todas las encuestas, Macri fue\nconsultado sobre las internas que se viven dentro de Cambiemos y una posible\nf\u00f3rmula junto a Mart\u00edn Lousteau, algo que no descart\u00f3: &#8220;Lo estoy\nconociendo, pero no voy a pronosticar vice&#8221;. <\/p>\n\n\n\n<p>Tambi\u00e9n les tir\u00f3 flores a los integrantes de la mesa chica\nde Cambiemos: &#8220;Es un mito que Vidal y Larreta no se llevan bien con Marcos\nPe\u00f1a. El nivel de entendimiento y lealtad no se vio nunca en la pol\u00edtica&#8221;.\nY sobre Jaime Dur\u00e1n Barba, su consultor hist\u00f3rico, dijo: &#8220;Es\nbrillante&#8221;.<\/p>\n\n\n\n<p>Con respecto a su gesti\u00f3n, remarc\u00f3: &#8220;Tuvimos un pico de\ninflaci\u00f3n que nadie previ\u00f3. Estamos seguros que estas medidas econ\u00f3micas van a\nser un alivio. Nunca el FMI dio este nivel de cr\u00e9dito. Estamos en el rumbo\ncorrecto. Por este camino hay futuro. Me siento bien y convencido de lo que\nestamos haciendo. Trabajo para los argentinos&#8221;.<\/p>\n\n\n\n<p>Tambi\u00e9n volvi\u00f3 a admitir que debi\u00f3 &#8220;haber sido m\u00e1s\nprudente con los pron\u00f3sticos&#8221; sobre c\u00f3mo iban a impactar ciertas\ndecisiones y sostuvo: &#8220;Estoy al tanto de lo que le pasa a la gente.\nTenemos que cambiar el alma al pa\u00eds. Ochenta a\u00f1os no se resuelven en tres. Mi\nmayor adversario es el escepticismo&#8221;.&nbsp;\nAdem\u00e1s, aclar\u00f3: &#8220;No estoy por poder ni por dinero, estoy para\nayudar. Fue el peor a\u00f1o de mi vida. Me encantar\u00eda ser mago pero no puedo&#8221;.<\/p>\n","protected":false},"excerpt":{"rendered":"<p>El presidente dio una entrevista para la tv y dej\u00f3 muchas definiciones sobre el Gobierno anterior y su actual mandato Una nueva aparici\u00f3n televisiva del presidente Mauricio Macri, en medio del tenso clima por la crisis econ\u00f3mica que desde su Gobierno intentan apaciguar con diferentes medidas econ\u00f3micas, sumado a los recientes relevamientos que lo dan como perdedor en un balotaje frente a la expresidenta Cristina Fern\u00e1ndez de Kirchner, dej\u00f3 demasiadas frases en el tintero y muchos puntos interesantes para analizar. &#8220;El kirchnerismo tiene la misma intenci\u00f3n de voto y muchos&#8230;<\/p>\n","protected":false},"author":3,"featured_media":43875,"comment_status":"closed","ping_status":"closed","sticky":false,"template":"","format":"standard","meta":[],"categories":[9],"tags":[],"_links":{"self":[{"href":"https:\/\/www.actualidadadiario.com\/index.php\/wp-json\/wp\/v2\/posts\/43874"}],"collection":[{"href":"https:\/\/www.actualidadadiario.com\/index.php\/wp-json\/wp\/v2\/posts"}],"about":[{"href":"https:\/\/www.actualidadadiario.com\/index.php\/wp-json\/wp\/v2\/types\/post"}],"author":[{"embeddable":true,"href":"https:\/\/www.actualidadadiario.com\/index.php\/wp-json\/wp\/v2\/users\/3"}],"replies":[{"embeddable":true,"href":"https:\/\/www.actualidadadiario.com\/index.php\/wp-json\/wp\/v2\/comments?post=43874"}],"version-history":[{"count":1,"href":"https:\/\/www.actualidadadiario.com\/index.php\/wp-json\/wp\/v2\/posts\/43874\/revisions"}],"predecessor-version":[{"id":43876,"href":"https:\/\/www.actualidadadiario.com\/index.php\/wp-json\/wp\/v2\/posts\/43874\/revisions\/43876"}],"wp:featuredmedia":[{"embeddable":true,"href":"https:\/\/www.actualidadadiario.com\/index.php\/wp-json\/wp\/v2\/media\/43875"}],"wp:attachment":[{"href":"https:\/\/www.actualidadadiario.com\/index.php\/wp-json\/wp\/v2\/media?parent=43874"}],"wp:term":[{"taxonomy":"category","embeddable":true,"href":"https:\/\/www.actualidadadiario.com\/index.php\/wp-json\/wp\/v2\/categories?post=43874"},{"taxonomy":"post_tag","embeddable":true,"href":"https:\/\/www.actualidadadiario.com\/index.php\/wp-json\/wp\/v2\/tags?post=43874"}],"curies":[{"name":"wp","href":"https:\/\/api.w.org\/{rel}","templated":true}]}}