{"id":43865,"date":"2019-04-23T10:47:53","date_gmt":"2019-04-23T13:47:53","guid":{"rendered":"https:\/\/www.actualidadadiario.com\/?p=43865"},"modified":"2019-05-06T20:56:46","modified_gmt":"2019-05-06T23:56:46","slug":"avances-en-la-integracion-con-bolivia","status":"publish","type":"post","link":"https:\/\/www.actualidadadiario.com\/index.php\/2019\/04\/23\/avances-en-la-integracion-con-bolivia\/","title":{"rendered":"Avances en la integraci\u00f3n con Bolivia"},"content":{"rendered":"\n<p><strong><em>El presidente Mauricio Macri y su par de Bolivia, Evo Morales, dialogaron sobre las negociaciones de un contrato para la compra de gas natural, que seg\u00fan indic\u00f3 el mandatario del pa\u00eds vecino &#8220;avanzan muy bien&#8221;<\/em><\/strong><\/p>\n\n\n\n<p><\/p>\n\n\n\n<p><\/p>\n\n\n\n<p>Macri agradeci\u00f3 la visita de Morales durante una declaraci\u00f3n\nconjunta que ambos presidente ofrecieron a la prensa desde el Sal\u00f3n Blanco de\nla Casa Rosada, tras haber compartido una visita al avi\u00f3n Pampa, en el\nAeropuerto de El Palomar, con una propuesta de trabajo de cooperaci\u00f3n con la\nFuerza A\u00e9rea de Bolivia.<\/p>\n\n\n\n<p>Durante dicha exposici\u00f3n, tras las palabras de\nagradecimiento de Macri por su visita, Morales destac\u00f3 la &#8220;posibilidad de\ncomercializar directamente el gas natural&#8221; desde su pa\u00eds, y aclar\u00f3 que\n&#8220;las negociaciones avanzan muy bien&#8221;.<\/p>\n\n\n\n<p>Poco despu\u00e9s del recibimiento en el Aeropuerto, Macri\nconfirm\u00f3 que all\u00ed hablaron del contrato de gas y del avi\u00f3n Pampa, sobre el cual\nel mandatario argentino dijo &#8220;esperamos que lo equipe la Fuerza A\u00e9rea\nBoliviana&#8221;, en el marco de un programa de &#8220;cooperaci\u00f3n conjunta.<\/p>\n\n\n\n<p>El Presidente afirm\u00f3 adem\u00e1s, que la visita de Evo se da en\nel contexto de la &#8220;hist\u00f3rica y profunda amistad entre ambos pa\u00edses&#8221;,\ndestacando el amplia presencia de la comunidad boliviana, a la que defini\u00f3 como\n&#8220;trabajadora, emprendedora y respetuosa en la convivencia&#8221;.<\/p>\n\n\n\n<p>Macri destac\u00f3 adem\u00e1s que en la agenda com\u00fan entre ambos\npa\u00edses &#8220;para el futuro&#8221; figura no solo la energ\u00eda, sino tambi\u00e9n la\nhidrov\u00eda como un desarrollo conjunto, como as\u00ed tambi\u00e9n el equipamiento\nhospitalario, adem\u00e1s de los intercambios comerciales y culturales.<\/p>\n\n\n\n<p>Por su parte, Morales durante sus palabras dijo que\n&#8220;somos dos pa\u00edses vecinos de por vida, y tenemos la obligaci\u00f3n como\ngobiernos y presidentes de trabajar por el bien de nuestros pueblos&#8221;.<\/p>\n\n\n\n<p>Adem\u00e1s, agradeci\u00f3 a la Argentina por &#8220;las facilidades&#8221;\nque le brinda a la comunidad boliviana, aunque hizo menci\u00f3n sin dar detalles a\n&#8220;algunos problemas con el sector textil&#8221; de los inmigrantes en su\npa\u00eds, tras recordar el encuentro que mantuvo anoche con ladrilleros y de otros\nsectores productivos, sobre todo agropecuarios.<\/p>\n\n\n\n<p>Morales destac\u00f3 adem\u00e1s que Bolivia &#8220;desde anteriores\ngestiones ha empezado a adquirir la tecnolog\u00eda argentina&#8221;, tras decir que\nestaba &#8220;sorprendido&#8221; por el Pampa, y agradecer la visita que realiz\u00f3\na una de las naves acompa\u00f1ado por Macri.<\/p>\n\n\n\n<p>Adem\u00e1s, confirm\u00f3 que se acord\u00f3 &#8220;construir tres\nhospitales para medicina nuclear con tecnolog\u00eda argentina&#8221;, tras remarcar\nla importancia de &#8220;buscar transferencias de tecnolog\u00eda como\nlatinoamericanos&#8221;. <\/p>\n\n\n\n<p>Al respecto, afirm\u00f3 que &#8220;cuando queremos adquirir\ntecnolog\u00eda, viene de Europa, Asia&#8221;, pero &#8220;muy poco de Brasil y\nArgentina&#8221;, por lo que consider\u00f3 que &#8220;tenemos la obligaci\u00f3n de\nliberarnos como latinoamericanos en materia de tecnolog\u00eda&#8221;.<\/p>\n\n\n\n<p>Por otra parte, destac\u00f3 que con Macri &#8220;acordamos\nrubricar la Zona Franca otorgada a Bolivia en Rosario, para darle mayor\nposibilidad y fortalecer el comercio boliviano a trav\u00e9s de la hidrov\u00eda y\ncomunicarse con el Atl\u00e1ntico&#8221;.<\/p>\n","protected":false},"excerpt":{"rendered":"<p>El presidente Mauricio Macri y su par de Bolivia, Evo Morales, dialogaron sobre las negociaciones de un contrato para la compra de gas natural, que seg\u00fan indic\u00f3 el mandatario del pa\u00eds vecino &#8220;avanzan muy bien&#8221; Macri agradeci\u00f3 la visita de Morales durante una declaraci\u00f3n conjunta que ambos presidente ofrecieron a la prensa desde el Sal\u00f3n Blanco de la Casa Rosada, tras haber compartido una visita al avi\u00f3n Pampa, en el Aeropuerto de El Palomar, con una propuesta de trabajo de cooperaci\u00f3n con la Fuerza A\u00e9rea de Bolivia. Durante dicha exposici\u00f3n,&#8230;<\/p>\n","protected":false},"author":3,"featured_media":43866,"comment_status":"closed","ping_status":"closed","sticky":false,"template":"","format":"standard","meta":[],"categories":[18],"tags":[],"_links":{"self":[{"href":"https:\/\/www.actualidadadiario.com\/index.php\/wp-json\/wp\/v2\/posts\/43865"}],"collection":[{"href":"https:\/\/www.actualidadadiario.com\/index.php\/wp-json\/wp\/v2\/posts"}],"about":[{"href":"https:\/\/www.actualidadadiario.com\/index.php\/wp-json\/wp\/v2\/types\/post"}],"author":[{"embeddable":true,"href":"https:\/\/www.actualidadadiario.com\/index.php\/wp-json\/wp\/v2\/users\/3"}],"replies":[{"embeddable":true,"href":"https:\/\/www.actualidadadiario.com\/index.php\/wp-json\/wp\/v2\/comments?post=43865"}],"version-history":[{"count":1,"href":"https:\/\/www.actualidadadiario.com\/index.php\/wp-json\/wp\/v2\/posts\/43865\/revisions"}],"predecessor-version":[{"id":43867,"href":"https:\/\/www.actualidadadiario.com\/index.php\/wp-json\/wp\/v2\/posts\/43865\/revisions\/43867"}],"wp:featuredmedia":[{"embeddable":true,"href":"https:\/\/www.actualidadadiario.com\/index.php\/wp-json\/wp\/v2\/media\/43866"}],"wp:attachment":[{"href":"https:\/\/www.actualidadadiario.com\/index.php\/wp-json\/wp\/v2\/media?parent=43865"}],"wp:term":[{"taxonomy":"category","embeddable":true,"href":"https:\/\/www.actualidadadiario.com\/index.php\/wp-json\/wp\/v2\/categories?post=43865"},{"taxonomy":"post_tag","embeddable":true,"href":"https:\/\/www.actualidadadiario.com\/index.php\/wp-json\/wp\/v2\/tags?post=43865"}],"curies":[{"name":"wp","href":"https:\/\/api.w.org\/{rel}","templated":true}]}}