{"id":43862,"date":"2019-04-23T10:47:08","date_gmt":"2019-04-23T13:47:08","guid":{"rendered":"https:\/\/www.actualidadadiario.com\/?p=43862"},"modified":"2019-05-06T20:55:20","modified_gmt":"2019-05-06T23:55:20","slug":"el-consumo-se-hundio-102-en-marzo-y-registro-la-decima-caida-consecutiva","status":"publish","type":"post","link":"https:\/\/www.actualidadadiario.com\/index.php\/2019\/04\/23\/el-consumo-se-hundio-102-en-marzo-y-registro-la-decima-caida-consecutiva\/","title":{"rendered":"El consumo se hundi\u00f3 10,2% en marzo y registr\u00f3 la d\u00e9cima ca\u00edda consecutiva"},"content":{"rendered":"\n<p><strong><em>En el tercer mes de 2019 seg\u00fan los estudios del Instituto de Trabajo y Econom\u00eda de la Fundaci\u00f3n Germ\u00e1n Abdala (ITE) el Indicador Mensual de Consumo (IMC) revel\u00f3 una contracci\u00f3n del -10,2% anual: la d\u00e9cima baja consecutiva. Serie preocupante para los expertos que relevaron este informe y que explica en urgencia y contexto algunas de las medidas que, lejos de guardar alguna relaci\u00f3n con su modelo econ\u00f3mico, est\u00e1 aplicando el Ejecutivo Nacional<\/em><\/strong><\/p>\n\n\n\n<p><\/p>\n\n\n\n<p><\/p>\n\n\n\n<p>Ante la consulta de BAE Negocios el economista Nicol\u00e1s Segal\ndel ITE consider\u00f3 que tales decisiones en el mejor de los casos tendr\u00e1n un efecto\n\u201cde pocos beneficios y desde ya transitorios\u201d. La deducci\u00f3n apunta a que para\nel corriente a\u00f1o el incremento sostenido de precios se espera en el orden del\n45% con lo cual el per\u00edodo de la gesti\u00f3n Cambiemos se cerrar\u00eda en un 240% de\ninflaci\u00f3n para los 4 a\u00f1os de mandato, lejos del optimismo inicial respecto a la\n\u201csencillez\u201d del problema. Y lo peor puede estar por llegar todav\u00eda, ya que\nseg\u00fan los investigadores, finalizado el lapso de las medidas de emergencia el\nescenario se puede complicar todav\u00eda mucho m\u00e1s.<\/p>\n\n\n\n<p>La serie sin estacionalidad para el consumo arroj\u00f3 una baja\nde -0,6% mensual, y acumula de esta forma una retracci\u00f3n de -11,4% desde el\nm\u00e1ximo alcanzado en enero 2018. Encendiendo todav\u00eda m\u00e1s luces de alerta a\ncriterio de los investigadores del ITE en cuanto a la salud de la econom\u00eda \u201cel\nconsumo contin\u00faa en franca ca\u00edda y todav\u00eda no ha alcanzado un piso\u201d. Cualquier\npercepci\u00f3n a corto plazo asemeja riesgos sobre exactitud para cualquier\ndiagn\u00f3stico. Basta con apreciar la \u201cquietud\u201d de las negociaciones paritarias,\nalg\u00fan acuerdo a m\u00ednimo plazo posible, o su estancamiento v\u00eda conflicto como la\npuja salarial de la UOM arroja m\u00e1s datos ilustrativos y no gratos. Incluso all\u00e1\nde escuelas econ\u00f3micas opuestas, respecto a libre mercado o control en la\noperatoria de intercambios, sobre este punto coinciden economistas que asesoran\na sindicatos y desde la otra vereda quienes aconsejan a empresas.<\/p>\n\n\n\n<p>El primer trimestre del a\u00f1o finaliz\u00f3 con una baja del\nconsumo de -9,9% anual y un -2,4% respecto del \u00faltimo trimestre de 2018.\nRespecto a datos duros, la venta de autos nacionales cay\u00f3 casi un -55% anual,\nen un contexto de suspensiones en numerosas terminales automotrices e incluso\nel ordenamiento de francos, vacaciones o turnos en plantas industriales de este\nsector que tratan de asimilar el impacto de la crisis en sus diversos\ncap\u00edtulos. <\/p>\n\n\n\n<p>Otro dato respecto de variables impositivas que destac\u00f3 el\nITE es que la recaudaci\u00f3n del IVA Neto baj\u00f3 un -10,7% anua, y siempre en cuanto\na la actividad econ\u00f3mica seg\u00fan consign\u00f3 CAME las ventas minoristas se\ndesplomaron un -11,3%, con bajas apreciable, en todos los rubros. La mirada\nhacia los servicios de entidades bancarias tampoco arroja ox\u00edgeno alguno el\ncr\u00e9dito real en pesos cay\u00f3 un -28,4% anual, con fuertes bajas en todas las\nl\u00edneas, incluso hipotecarios.<\/p>\n\n\n\n<p>Segal remarc\u00f3 que en el comienzo de este a\u00f1o, las elevadas\ncifras de inflaci\u00f3n siguen poniendo presi\u00f3n sobre el consumo en un contexto de\nincertidumbre en torno a las paritarias. \u201cDe las medidas del \u2018paquete de\nalivio\u2019 anunciado por el Gobierno se puede esperar un impacto limitado en lo\nque refiere al congelamiento de precios, por tratarse de productos poco\nrepresentativos sobre el total del gasto de los hogares y a\u00fan con demoras e\nincertezas en su implementaci\u00f3n. Sin una recomposici\u00f3n de ingresos el consumo\nno podr\u00e1 revertir su retroceso, que ya lleva diez meses consecutivos barranca\nabajo\u201d.<\/p>\n","protected":false},"excerpt":{"rendered":"<p>En el tercer mes de 2019 seg\u00fan los estudios del Instituto de Trabajo y Econom\u00eda de la Fundaci\u00f3n Germ\u00e1n Abdala (ITE) el Indicador Mensual de Consumo (IMC) revel\u00f3 una contracci\u00f3n del -10,2% anual: la d\u00e9cima baja consecutiva. Serie preocupante para los expertos que relevaron este informe y que explica en urgencia y contexto algunas de las medidas que, lejos de guardar alguna relaci\u00f3n con su modelo econ\u00f3mico, est\u00e1 aplicando el Ejecutivo Nacional Ante la consulta de BAE Negocios el economista Nicol\u00e1s Segal del ITE consider\u00f3 que tales decisiones en el&#8230;<\/p>\n","protected":false},"author":3,"featured_media":43863,"comment_status":"closed","ping_status":"closed","sticky":false,"template":"","format":"standard","meta":[],"categories":[2],"tags":[],"_links":{"self":[{"href":"https:\/\/www.actualidadadiario.com\/index.php\/wp-json\/wp\/v2\/posts\/43862"}],"collection":[{"href":"https:\/\/www.actualidadadiario.com\/index.php\/wp-json\/wp\/v2\/posts"}],"about":[{"href":"https:\/\/www.actualidadadiario.com\/index.php\/wp-json\/wp\/v2\/types\/post"}],"author":[{"embeddable":true,"href":"https:\/\/www.actualidadadiario.com\/index.php\/wp-json\/wp\/v2\/users\/3"}],"replies":[{"embeddable":true,"href":"https:\/\/www.actualidadadiario.com\/index.php\/wp-json\/wp\/v2\/comments?post=43862"}],"version-history":[{"count":1,"href":"https:\/\/www.actualidadadiario.com\/index.php\/wp-json\/wp\/v2\/posts\/43862\/revisions"}],"predecessor-version":[{"id":43864,"href":"https:\/\/www.actualidadadiario.com\/index.php\/wp-json\/wp\/v2\/posts\/43862\/revisions\/43864"}],"wp:featuredmedia":[{"embeddable":true,"href":"https:\/\/www.actualidadadiario.com\/index.php\/wp-json\/wp\/v2\/media\/43863"}],"wp:attachment":[{"href":"https:\/\/www.actualidadadiario.com\/index.php\/wp-json\/wp\/v2\/media?parent=43862"}],"wp:term":[{"taxonomy":"category","embeddable":true,"href":"https:\/\/www.actualidadadiario.com\/index.php\/wp-json\/wp\/v2\/categories?post=43862"},{"taxonomy":"post_tag","embeddable":true,"href":"https:\/\/www.actualidadadiario.com\/index.php\/wp-json\/wp\/v2\/tags?post=43862"}],"curies":[{"name":"wp","href":"https:\/\/api.w.org\/{rel}","templated":true}]}}