{"id":43860,"date":"2019-04-23T10:46:22","date_gmt":"2019-04-23T13:46:22","guid":{"rendered":"https:\/\/www.actualidadadiario.com\/?p=43860"},"modified":"2019-05-06T20:57:11","modified_gmt":"2019-05-06T23:57:11","slug":"acuerdo-de-precios-macri-recibio-apoyo-pero-dudan-que-llegue-a-provincias","status":"publish","type":"post","link":"https:\/\/www.actualidadadiario.com\/index.php\/2019\/04\/23\/acuerdo-de-precios-macri-recibio-apoyo-pero-dudan-que-llegue-a-provincias\/","title":{"rendered":"Acuerdo de precios: Macri recibi\u00f3 apoyo pero dudan que llegue a provincias"},"content":{"rendered":"\n<p><strong><em>C\u00e1maras y gobiernos provinciales creen que no contar\u00e1n con la oferta de todos los productos acordados. El Gobierno advierte que es un acuerdo nacional y que habr\u00e1 multas<\/em><\/strong><\/p>\n\n\n\n<p><\/p>\n\n\n\n<p><\/p>\n\n\n\n<p>El ministro de Producci\u00f3n y Trabajo, Dante Sica, explic\u00f3\nayer que las empresas tienen hasta el lunes para poner los 64 productos en las\ng\u00f3ndolas y los supermercados la posibilidad de establecer los espacios\nadecuados y se\u00f1alizados. Pero el interior del pa\u00eds sigue poniendo en duda la\nviabilidad del plan, mientras el &#8220;pacto de caballeros&#8221; entr\u00f3 en una\nnueva etapa. <\/p>\n\n\n\n<p>&#8220;Ahora comenz\u00f3 una nueva negociaci\u00f3n entre las\ncompa\u00f1\u00edas productoras que est\u00e1n en el plan de congelamiento y los s\u00faper. Las\nprimeras le piden a las segundas que ahora le compren otros productos que hoy\nno est\u00e1n dentro de los \u00edtems que compran los supermercados&#8221;, se\u00f1al\u00f3 una\nfuente del sector privado. <\/p>\n\n\n\n<p>El propio Ignacio Noel presidente Morixe Hermanos SA,\nempresa que puso harinas y pan rallado en el plan de Precios Esenciales,\nreconoci\u00f3 a El Cronista que se est\u00e1n dando estas negociaciones. &#8220;Es cierto\nque sucede, pero para nosotros una oportunidad de aumentar vol\u00famenes de ventas\ny de estar presentes en lugares donde no est\u00e1bamos. Adem\u00e1s de apoyar una medida\nque busca bajar la inflaci\u00f3n&#8221;. <\/p>\n\n\n\n<p>Pero adem\u00e1s de reconocer esta negociaci\u00f3n, el empresario que\napunt\u00f3 a sus competidores que entre septiembre de 2018 a hoy aumentaron 30%,\nmientras que \u00e9l lo hizo 7% &#8220;sin perder plata&#8221;, se\u00f1al\u00f3 la complejidad\npara que pueda funcionar en el interior del pa\u00eds. &#8220;Nosotros tuvimos\nllamados de una cadena de supermercados de Jujuy en donde no vendemos. Si ellos\npagan el flete, se lo vamos a mandar porque los precios acordados son para la\nCapital Federal y el Gran Buenos Aires&#8221;, se\u00f1al\u00f3 Noel. <\/p>\n\n\n\n<p>Esta afirmaci\u00f3n certifica la posici\u00f3n de gobernadores,\nasociaciones de consumidores y supermercadistas del interior del pa\u00eds que ponen\nen duda la viabilidad del plan. <\/p>\n\n\n\n<p>As\u00ed lo dijo Miguel Simons de la C\u00e1mara de Supermercados,\nAutoservicios y Afines de Chaco al Diario del Chaco en donde se\u00f1al\u00f3 que\n&#8220;la lista (precios) es lo mismo que nada, al interior nos sirve y es de\nimposible cumplimiento. Son acuerdos que se hicieron principalmente con 2500\nbocas, de las cuales est\u00e1n entre Capital Federal, Gran Buenos Aires, C\u00f3rdoba y\nRosario. Al interior del pa\u00eds no quita ni le agrega nada\u201d. Simons se\u00f1al\u00f3 como\nejemplo que de las tres marcas de yerba que figuran en el listado s\u00f3lo una se\nconsigue en la provincia y algunos mayoristas. <\/p>\n\n\n\n<p>Un dato llamativo con respecto a la yerba es que en la zona\nproductora &#8211; Noreste y Noroeste- el precio acordado es m\u00e1s caro que en la\nprovincia y en la Ciudad de Buenos Aires a pesar que estas \u00faltimas tienen el\ncosto del flete. <\/p>\n\n\n\n<p>Mientras en Salta y Jujuy se\u00f1alan que ser\u00e1 de dif\u00edcil\ncumplimiento, en Corrientes buscar\u00e1n un acuerdo propio con los\nsupermercadistas. En Tierra del Fuego, por su parte, ya adelantaron que buena\nparte de los 64 productos &#8220;no se encontrar\u00e1n en la Isla&#8221; y se\u00f1alan\ncomo ejemplo la imposibilidad de contar con el kilo de asado a 149 pesos. <\/p>\n\n\n\n<p>Las empresa con mayor capilaridad en los puntos de venta del\npa\u00eds aseguran que &#8220;tendr\u00e1 una fuerza importante y se est\u00e1n preparando para\nentregar en todos los canales tanto nacionales como regionales&#8221;.<\/p>\n\n\n\n<p>Por las dudas, desde Producci\u00f3n avisan que si no cumplen y\nentregan en todos lados &#8220;se va a aplicar la ley de Defensa del Consumidor\nque prev\u00e9 multas de hasta cinco millones de pesos&#8221;.<\/p>\n","protected":false},"excerpt":{"rendered":"<p>C\u00e1maras y gobiernos provinciales creen que no contar\u00e1n con la oferta de todos los productos acordados. El Gobierno advierte que es un acuerdo nacional y que habr\u00e1 multas El ministro de Producci\u00f3n y Trabajo, Dante Sica, explic\u00f3 ayer que las empresas tienen hasta el lunes para poner los 64 productos en las g\u00f3ndolas y los supermercados la posibilidad de establecer los espacios adecuados y se\u00f1alizados. Pero el interior del pa\u00eds sigue poniendo en duda la viabilidad del plan, mientras el &#8220;pacto de caballeros&#8221; entr\u00f3 en una nueva etapa. &#8220;Ahora comenz\u00f3&#8230;<\/p>\n","protected":false},"author":3,"featured_media":40765,"comment_status":"closed","ping_status":"closed","sticky":false,"template":"","format":"standard","meta":[],"categories":[2],"tags":[],"_links":{"self":[{"href":"https:\/\/www.actualidadadiario.com\/index.php\/wp-json\/wp\/v2\/posts\/43860"}],"collection":[{"href":"https:\/\/www.actualidadadiario.com\/index.php\/wp-json\/wp\/v2\/posts"}],"about":[{"href":"https:\/\/www.actualidadadiario.com\/index.php\/wp-json\/wp\/v2\/types\/post"}],"author":[{"embeddable":true,"href":"https:\/\/www.actualidadadiario.com\/index.php\/wp-json\/wp\/v2\/users\/3"}],"replies":[{"embeddable":true,"href":"https:\/\/www.actualidadadiario.com\/index.php\/wp-json\/wp\/v2\/comments?post=43860"}],"version-history":[{"count":1,"href":"https:\/\/www.actualidadadiario.com\/index.php\/wp-json\/wp\/v2\/posts\/43860\/revisions"}],"predecessor-version":[{"id":43861,"href":"https:\/\/www.actualidadadiario.com\/index.php\/wp-json\/wp\/v2\/posts\/43860\/revisions\/43861"}],"wp:featuredmedia":[{"embeddable":true,"href":"https:\/\/www.actualidadadiario.com\/index.php\/wp-json\/wp\/v2\/media\/40765"}],"wp:attachment":[{"href":"https:\/\/www.actualidadadiario.com\/index.php\/wp-json\/wp\/v2\/media?parent=43860"}],"wp:term":[{"taxonomy":"category","embeddable":true,"href":"https:\/\/www.actualidadadiario.com\/index.php\/wp-json\/wp\/v2\/categories?post=43860"},{"taxonomy":"post_tag","embeddable":true,"href":"https:\/\/www.actualidadadiario.com\/index.php\/wp-json\/wp\/v2\/tags?post=43860"}],"curies":[{"name":"wp","href":"https:\/\/api.w.org\/{rel}","templated":true}]}}