{"id":43855,"date":"2019-04-23T10:45:01","date_gmt":"2019-04-23T13:45:01","guid":{"rendered":"https:\/\/www.actualidadadiario.com\/?p=43855"},"modified":"2019-05-06T20:55:47","modified_gmt":"2019-05-06T23:55:47","slug":"desde-2016-aumento-70-la-cantidad-de-asistentes-a-comedores-escolares","status":"publish","type":"post","link":"https:\/\/www.actualidadadiario.com\/index.php\/2019\/04\/23\/desde-2016-aumento-70-la-cantidad-de-asistentes-a-comedores-escolares\/","title":{"rendered":"Desde 2016 aument\u00f3 70% la cantidad de asistentes a comedores escolares"},"content":{"rendered":"\n<p><strong><em>La cartera de Desarrollo Social sum\u00f3 desde 2016 un 50% m\u00e1s de ayuda a merenderos en todo el pa\u00eds. Pasaron de 1,6 millones de chicos a 2,8 millones en 2018<\/em><\/strong><\/p>\n\n\n\n<p><\/p>\n\n\n\n<p><\/p>\n\n\n\n<p>Los 1.623.864 ni\u00f1os y ni\u00f1as asistidos en comedores escolares\ntodo el pa\u00eds en 2016, el a\u00f1o pasado pasaron a ser 2.777.056. Un incremento del\n71%. As\u00ed se desprende de una estad\u00edstica aportada por el jefe de Gabinete\nMarcos Pe\u00f1a al Congreso en su m\u00e1s reciente informe, el 118. <\/p>\n\n\n\n<p>Tambi\u00e9n se relev\u00f3 que seg\u00fan sus propios datos, el ministerio\nde Salud y Desarrollo Social pas\u00f3, en el mismo periodo, de financiar 11.144\ncomedores escolares a 19.036, poco menos del doble. <\/p>\n\n\n\n<p>No hubo, en cambio, un crecimiento tan importante en los\nasistentes a comedores comunitarios: pasaron de ser 202.818 personas en el\nprimer a\u00f1o de la administraci\u00f3n de Cambiemos a 203.091 en 2018; y de 1266\nestablecimientos a 1270. <\/p>\n\n\n\n<p>El \u00edtem &#8220;Pol\u00edticas Alimentarias&#8221; del Presupuesto\n2019 fue estimado en $ 12.582.197.967, lo que implica el 19,81% del presupuesto\npara los distintos programas, bajo la \u00f3rbita de la ministra Carolina Stanley.\nLa Secretar\u00eda de Acompa\u00f1amiento y Protecci\u00f3n Social, como unidad ejecutora,\ntiene un cr\u00e9dito de $ 1828 millones para destinar a comedores escolares y otros\n$ 1065 millones a escolares. <\/p>\n\n\n\n<p>El \u00faltimo \u00edndice de pobreza del Indec, dado a conocer hace\nmenos de un mes, fue estimado en 32 puntos para el segundo semestre de 2018,\nfrente al 25,7% del a\u00f1o anterior. En su momento, al anunciar la primera cifra\noficial post-intervenci\u00f3n del Instituto de estad\u00edsticas, Mauricio Macri acept\u00f3\nque se juzgara su presidencia por la evoluci\u00f3n de ese guarismo al final de su\nmandato. <\/p>\n\n\n\n<p>Si bien entre 2016 y 2017 se reflej\u00f3 una ca\u00edda oficial en\nlos niveles de pobreza e indigencia, seg\u00fan la estad\u00edstica brindada por Pe\u00f1a,\npor esos meses hubo un incremento de ayuda estatal a comedores. Por ejemplo,\nlos escolares pasaron a ser 9379 m\u00e1s que el a\u00f1o anterior, incorporando unos\n1.074.420 nuevos asistentes. <\/p>\n\n\n\n<p>A contramano, las 187.876 personas que fueron a comedores\ncomunitarios en 2017 fueron menos de las 202.818 del a\u00f1o anterior. La cantidad\nde lugares que recibieron ayuda estatal pr\u00e1cticamente no vari\u00f3. <\/p>\n\n\n\n<p>En cambio, los 923 merenderos en todas las provincias con\nalg\u00fan tipo de financiaci\u00f3n nacional que eran en 2016, pasaron a ser 1634 al\nsiguiente a\u00f1o, casi un 50% m\u00e1s. En 2018 fueron un poco menos: unos 1366. <\/p>\n\n\n\n<p>Mirando los datos por provincia, el salto m\u00e1s grande se\nevidencia en la provincia de Buenos Aires, gobernada por Mar\u00eda Eugenia Vidal.\nLos 687 merenderos del primer a\u00f1o de su gesti\u00f3n pasaron a ser 842 el a\u00f1o\npasado. En esos tres a\u00f1os, se sumaron 55 comedores a los 437 que eran\noriginalmente. <\/p>\n\n\n\n<p>Siempre seg\u00fan la tabla brindada por Pe\u00f1a a los diputados, la\nTucum\u00e1n de Juan Manzur recibi\u00f3 ayuda por 15 merenderos en 2016 que al siguiente\na\u00f1o ya fueron un centenar, un incremento del 567%. Algo parecido ocurri\u00f3 en\nSanta Fe, gobernada por Miguel Lifschitz, donde de 23 pasaron a ser 72, si bien\nen 2018 fueron a\u00fan menos: unos 18. <\/p>\n\n\n\n<p>Por otra parte, Pe\u00f1a tambi\u00e9n content\u00f3 que frente a una\nauditor\u00eda de la AGN sobre el Programa Abordaje Comunitario (PAC), hubo una\n&#8220;reducci\u00f3n de organizaciones comunitarias financiadas&#8221; por\n&#8220;incumplimientos graves&#8221; pero que, a pesar de ello, s\u00ed se &#8220;ha\nincrementado la asistencia a Comedores Comunitarios&#8221;.<\/p>\n","protected":false},"excerpt":{"rendered":"<p>La cartera de Desarrollo Social sum\u00f3 desde 2016 un 50% m\u00e1s de ayuda a merenderos en todo el pa\u00eds. Pasaron de 1,6 millones de chicos a 2,8 millones en 2018 Los 1.623.864 ni\u00f1os y ni\u00f1as asistidos en comedores escolares todo el pa\u00eds en 2016, el a\u00f1o pasado pasaron a ser 2.777.056. Un incremento del 71%. As\u00ed se desprende de una estad\u00edstica aportada por el jefe de Gabinete Marcos Pe\u00f1a al Congreso en su m\u00e1s reciente informe, el 118. Tambi\u00e9n se relev\u00f3 que seg\u00fan sus propios datos, el ministerio de Salud&#8230;<\/p>\n","protected":false},"author":3,"featured_media":43856,"comment_status":"closed","ping_status":"closed","sticky":false,"template":"","format":"standard","meta":[],"categories":[2],"tags":[],"_links":{"self":[{"href":"https:\/\/www.actualidadadiario.com\/index.php\/wp-json\/wp\/v2\/posts\/43855"}],"collection":[{"href":"https:\/\/www.actualidadadiario.com\/index.php\/wp-json\/wp\/v2\/posts"}],"about":[{"href":"https:\/\/www.actualidadadiario.com\/index.php\/wp-json\/wp\/v2\/types\/post"}],"author":[{"embeddable":true,"href":"https:\/\/www.actualidadadiario.com\/index.php\/wp-json\/wp\/v2\/users\/3"}],"replies":[{"embeddable":true,"href":"https:\/\/www.actualidadadiario.com\/index.php\/wp-json\/wp\/v2\/comments?post=43855"}],"version-history":[{"count":1,"href":"https:\/\/www.actualidadadiario.com\/index.php\/wp-json\/wp\/v2\/posts\/43855\/revisions"}],"predecessor-version":[{"id":43857,"href":"https:\/\/www.actualidadadiario.com\/index.php\/wp-json\/wp\/v2\/posts\/43855\/revisions\/43857"}],"wp:featuredmedia":[{"embeddable":true,"href":"https:\/\/www.actualidadadiario.com\/index.php\/wp-json\/wp\/v2\/media\/43856"}],"wp:attachment":[{"href":"https:\/\/www.actualidadadiario.com\/index.php\/wp-json\/wp\/v2\/media?parent=43855"}],"wp:term":[{"taxonomy":"category","embeddable":true,"href":"https:\/\/www.actualidadadiario.com\/index.php\/wp-json\/wp\/v2\/categories?post=43855"},{"taxonomy":"post_tag","embeddable":true,"href":"https:\/\/www.actualidadadiario.com\/index.php\/wp-json\/wp\/v2\/tags?post=43855"}],"curies":[{"name":"wp","href":"https:\/\/api.w.org\/{rel}","templated":true}]}}