{"id":43849,"date":"2019-04-23T10:43:02","date_gmt":"2019-04-23T13:43:02","guid":{"rendered":"https:\/\/www.actualidadadiario.com\/?p=43849"},"modified":"2019-05-06T20:53:53","modified_gmt":"2019-05-06T23:53:53","slug":"fmi-advierte-que-una-suba-de-la-pobreza-puede-imponer-serios-desafios-para-la-argentina","status":"publish","type":"post","link":"https:\/\/www.actualidadadiario.com\/index.php\/2019\/04\/23\/fmi-advierte-que-una-suba-de-la-pobreza-puede-imponer-serios-desafios-para-la-argentina\/","title":{"rendered":"FMI advierte que una suba de la pobreza puede imponer &#8220;serios desaf\u00edos&#8221; para la Argentina"},"content":{"rendered":"\n<p><strong><em>El vicedirector para el Hemisferio Occidental del organismo, Nigel Chalk, dijo que, frente a esa situaci\u00f3n, se necesitar\u00eda una &#8220;recalibraci\u00f3n del gasto social&#8221;<\/em><\/strong><\/p>\n\n\n\n<p><\/p>\n\n\n\n<p><\/p>\n\n\n\n<p>El vicedirector del Fondo Monetario Internacional para el\nHemisferio Occidental, Nigel Chalk, afirm\u00f3 que una suba de la pobreza podr\u00eda\ngenerar &#8220;serios desaf\u00edos&#8221; a la posibilidad de &#8220;lograr los\nobjetivos del programa&#8221; firmado con la Argentina.<\/p>\n\n\n\n<p>&#8220;Somos muy conscientes, y tambi\u00e9n lo los las\nautoridades (argentinas), de que un aumento en la pobreza podr\u00eda imponer serios\ndesaf\u00edos a la posibilidad de lograr los objetivos del programa&#8221; acordado\ncon el organismo internacional, dijo Chalk.<\/p>\n\n\n\n<p>En declaraciones al diario brit\u00e1nico Financial Times, Chalk\nadvirti\u00f3 que si la pobreza sigue aumentando a un ritmo acelerado en el pa\u00eds\npodr\u00eda necesitarse &#8220;una recalibraci\u00f3n del gasto social para proveer m\u00e1s\nespacio para que el Gobierno act\u00fae para proteger a los pobres&#8221;.<\/p>\n\n\n\n<p>A su vez, el diario brit\u00e1nico indic\u00f3: &#8220;el riesgo,\nreconocen los funcionarios, es que si el gobierno fracasa en recortar lo\nsuficiente el d\u00e9ficit por el gasto social extra, los mercados se pongan m\u00e1s\nansiosos de que el ajuste fiscal de la Argentina no ocurre tan r\u00e1pido como se\ncree necesario&#8221;.<\/p>\n\n\n\n<p>&#8220;Eso podr\u00eda forzar a la Argentina a buscar m\u00e1s deuda\nexterna para cubrir el d\u00e9ficit fiscal de lo que esperaba originalmente&#8221;,\nse\u00f1al\u00f3 la publicaci\u00f3n especializada.<\/p>\n","protected":false},"excerpt":{"rendered":"<p>El vicedirector para el Hemisferio Occidental del organismo, Nigel Chalk, dijo que, frente a esa situaci\u00f3n, se necesitar\u00eda una &#8220;recalibraci\u00f3n del gasto social&#8221; El vicedirector del Fondo Monetario Internacional para el Hemisferio Occidental, Nigel Chalk, afirm\u00f3 que una suba de la pobreza podr\u00eda generar &#8220;serios desaf\u00edos&#8221; a la posibilidad de &#8220;lograr los objetivos del programa&#8221; firmado con la Argentina. &#8220;Somos muy conscientes, y tambi\u00e9n lo los las autoridades (argentinas), de que un aumento en la pobreza podr\u00eda imponer serios desaf\u00edos a la posibilidad de lograr los objetivos del programa&#8221; acordado&#8230;<\/p>\n","protected":false},"author":3,"featured_media":19094,"comment_status":"closed","ping_status":"closed","sticky":false,"template":"","format":"standard","meta":[],"categories":[9],"tags":[],"_links":{"self":[{"href":"https:\/\/www.actualidadadiario.com\/index.php\/wp-json\/wp\/v2\/posts\/43849"}],"collection":[{"href":"https:\/\/www.actualidadadiario.com\/index.php\/wp-json\/wp\/v2\/posts"}],"about":[{"href":"https:\/\/www.actualidadadiario.com\/index.php\/wp-json\/wp\/v2\/types\/post"}],"author":[{"embeddable":true,"href":"https:\/\/www.actualidadadiario.com\/index.php\/wp-json\/wp\/v2\/users\/3"}],"replies":[{"embeddable":true,"href":"https:\/\/www.actualidadadiario.com\/index.php\/wp-json\/wp\/v2\/comments?post=43849"}],"version-history":[{"count":1,"href":"https:\/\/www.actualidadadiario.com\/index.php\/wp-json\/wp\/v2\/posts\/43849\/revisions"}],"predecessor-version":[{"id":43850,"href":"https:\/\/www.actualidadadiario.com\/index.php\/wp-json\/wp\/v2\/posts\/43849\/revisions\/43850"}],"wp:featuredmedia":[{"embeddable":true,"href":"https:\/\/www.actualidadadiario.com\/index.php\/wp-json\/wp\/v2\/media\/19094"}],"wp:attachment":[{"href":"https:\/\/www.actualidadadiario.com\/index.php\/wp-json\/wp\/v2\/media?parent=43849"}],"wp:term":[{"taxonomy":"category","embeddable":true,"href":"https:\/\/www.actualidadadiario.com\/index.php\/wp-json\/wp\/v2\/categories?post=43849"},{"taxonomy":"post_tag","embeddable":true,"href":"https:\/\/www.actualidadadiario.com\/index.php\/wp-json\/wp\/v2\/tags?post=43849"}],"curies":[{"name":"wp","href":"https:\/\/api.w.org\/{rel}","templated":true}]}}