{"id":43846,"date":"2019-04-23T10:42:16","date_gmt":"2019-04-23T13:42:16","guid":{"rendered":"https:\/\/www.actualidadadiario.com\/?p=43846"},"modified":"2019-05-06T20:50:44","modified_gmt":"2019-05-06T23:50:44","slug":"sadop-convoca-al-paro-nacional-del-30-de-abril","status":"publish","type":"post","link":"https:\/\/www.actualidadadiario.com\/index.php\/2019\/04\/23\/sadop-convoca-al-paro-nacional-del-30-de-abril\/","title":{"rendered":"Sadop convoca al paro nacional del 30 de abril"},"content":{"rendered":"\n<p><strong><em>El Sindicato Argentino de Docentes Privados (Sadop) convoc\u00f3 al paro nacional de 24 horas para el 30 de abril a partir de las 00:00 horas. \u201cFundamentalmente exigimos el inmediato cambio de rumbo de la actual pol\u00edtica econ\u00f3mica\u201d, inform\u00f3 el secretario general de la Seccional Entre R\u00edos de Sadop, Sergio Pesoa<\/em><\/strong><\/p>\n\n\n\n<p><\/p>\n\n\n\n<p><\/p>\n\n\n\n<p>\u201cPara el martes 30 de abril hemos determinado un paro de 24\nhoras, que fundamentalmente se exige el inmediato cambio de rumbo de la actual\npol\u00edtica econ\u00f3mica, para poner fin a la permanente p\u00e9rdida de trabajo, la\ndesocupaci\u00f3n y la realidad que est\u00e1 viviendo nuestro pueblo hoy, donde el\nempobrecimiento se ve todos los d\u00edas\u201d, expres\u00f3 Pesoa.<\/p>\n\n\n\n<p>\u201cTambi\u00e9n reclamamos que se detenga el endeudamiento con el\nFMI, que compromete el futuro de argentinos y argentinas\u201d, agreg\u00f3.<\/p>\n\n\n\n<p>Luego precis\u00f3: \u201cRespecto espec\u00edficamente a lo nuestro,\nreclamamos la urgente convocatoria a la paritaria nacional docente y la reincorporaci\u00f3n\ndel Sadop a esa Mesa de la que fuimos injustamente excluidos mediante un\ndecreto del Poder Ejecutivo Nacional (PEN), que viola la Ley de Educaci\u00f3n\nNacional vigente y nuestra Constituci\u00f3n\u201d.<\/p>\n\n\n\n<p><strong>Documento<\/strong><\/p>\n\n\n\n<p>La decisi\u00f3n de convocar al paro fue tomada por Sadop Naci\u00f3n\ndurante el Plenario de Regionales de CGT y el Frente Sindical para el Modelo\nNacional, realizado en la sede de Smata el 11 de abril pasado.<\/p>\n\n\n\n<p>En un documento enviado a esta Agencia se detallan otras\nexigencias, por ejemplo, que se adopten \u201cmedidas protectorias de la mano de\nobra y la producci\u00f3n nacional\u201d y que se otorgue \u201cun aumento de emergencia del\nSalario M\u00ednimo Vital y M\u00f3vil y de las jubilaciones y pensiones\u201d.<\/p>\n\n\n\n<p>Tambi\u00e9n se piden \u201cparitarias libres y sin techo\u201d y que se\ndejen \u201csin efecto todos y cada uno de los proyectos de reforma laboral y\/o\nprevisional, que solo implican p\u00e9rdidas de derechos conquistados y\nprecarizaci\u00f3n de nuestras condiciones de vida, trabajo y salud\u201d.<\/p>\n\n\n\n<p>Por otro lado, en el texto se denuncian \u201clos despidos\ndirectos y encubiertos en nuestro sector en permanente aumento desde el inicio\ndel actual ciclo lectivo\u201d.<\/p>\n\n\n\n<p>Y se reclama por el \u201cincumplimiento en varias provincias del\npago del Bono de Fin de A\u00f1o, resultado de un acuerdo con las C\u00e1maras\nEmpresarias de la Educaci\u00f3n de Gesti\u00f3n Privada por aplicaci\u00f3n del Decreto PEN\n1043\/18\u201d.<\/p>\n\n\n\n<p>Otro punto que cuestionan es la demora \u201cen el pago de las\nremuneraciones de las y los docentes de gesti\u00f3n privada, situaci\u00f3n que se\nagrava d\u00eda tras d\u00eda, en medio de la crisis que estamos viviendo. Hoy, 8 de cada\n10 docentes son pobres en la Argentina\u201d.<\/p>\n\n\n\n<p>\u201cConsideramos que es imprescindible aunar nuestros\nesfuerzos, para preservar los intereses del pueblo trabajador y la Naci\u00f3n, en\nestos dif\u00edciles momentos que atraviesa nuestra patria. Reafirmamos nuestro\ncompromiso permanente con una educaci\u00f3n p\u00fablica de calidad para todas y todos y\nla continuidad de nuestra&nbsp; lucha por\nsalarios justos y dignas condiciones de trabajo\u201d, finaliza el documento, que\nlleva la firma de la secretaria general de Sadop Naci\u00f3n, Mar\u00eda Lazzaro, y del\nsecretario de Comunicaci\u00f3n y Prensa, Gerardo Alzamora.<\/p>\n","protected":false},"excerpt":{"rendered":"<p>El Sindicato Argentino de Docentes Privados (Sadop) convoc\u00f3 al paro nacional de 24 horas para el 30 de abril a partir de las 00:00 horas. \u201cFundamentalmente exigimos el inmediato cambio de rumbo de la actual pol\u00edtica econ\u00f3mica\u201d, inform\u00f3 el secretario general de la Seccional Entre R\u00edos de Sadop, Sergio Pesoa \u201cPara el martes 30 de abril hemos determinado un paro de 24 horas, que fundamentalmente se exige el inmediato cambio de rumbo de la actual pol\u00edtica econ\u00f3mica, para poner fin a la permanente p\u00e9rdida de trabajo, la desocupaci\u00f3n y la&#8230;<\/p>\n","protected":false},"author":3,"featured_media":43847,"comment_status":"closed","ping_status":"closed","sticky":false,"template":"","format":"standard","meta":[],"categories":[15],"tags":[],"_links":{"self":[{"href":"https:\/\/www.actualidadadiario.com\/index.php\/wp-json\/wp\/v2\/posts\/43846"}],"collection":[{"href":"https:\/\/www.actualidadadiario.com\/index.php\/wp-json\/wp\/v2\/posts"}],"about":[{"href":"https:\/\/www.actualidadadiario.com\/index.php\/wp-json\/wp\/v2\/types\/post"}],"author":[{"embeddable":true,"href":"https:\/\/www.actualidadadiario.com\/index.php\/wp-json\/wp\/v2\/users\/3"}],"replies":[{"embeddable":true,"href":"https:\/\/www.actualidadadiario.com\/index.php\/wp-json\/wp\/v2\/comments?post=43846"}],"version-history":[{"count":1,"href":"https:\/\/www.actualidadadiario.com\/index.php\/wp-json\/wp\/v2\/posts\/43846\/revisions"}],"predecessor-version":[{"id":43848,"href":"https:\/\/www.actualidadadiario.com\/index.php\/wp-json\/wp\/v2\/posts\/43846\/revisions\/43848"}],"wp:featuredmedia":[{"embeddable":true,"href":"https:\/\/www.actualidadadiario.com\/index.php\/wp-json\/wp\/v2\/media\/43847"}],"wp:attachment":[{"href":"https:\/\/www.actualidadadiario.com\/index.php\/wp-json\/wp\/v2\/media?parent=43846"}],"wp:term":[{"taxonomy":"category","embeddable":true,"href":"https:\/\/www.actualidadadiario.com\/index.php\/wp-json\/wp\/v2\/categories?post=43846"},{"taxonomy":"post_tag","embeddable":true,"href":"https:\/\/www.actualidadadiario.com\/index.php\/wp-json\/wp\/v2\/tags?post=43846"}],"curies":[{"name":"wp","href":"https:\/\/api.w.org\/{rel}","templated":true}]}}