{"id":43843,"date":"2019-04-23T10:41:40","date_gmt":"2019-04-23T13:41:40","guid":{"rendered":"https:\/\/www.actualidadadiario.com\/?p=43843"},"modified":"2019-05-06T20:51:04","modified_gmt":"2019-05-06T23:51:04","slug":"productores-de-citrus-van-a-plaza-de-mayo","status":"publish","type":"post","link":"https:\/\/www.actualidadadiario.com\/index.php\/2019\/04\/23\/productores-de-citrus-van-a-plaza-de-mayo\/","title":{"rendered":"Productores de citrus van a Plaza de Mayo"},"content":{"rendered":"\n<p><strong><em>La protesta es organizada por la Federaci\u00f3n de Productores de Frutas de R\u00edo Negro y Neuqu\u00e9n. A la movilizaci\u00f3n, donde se regalar\u00e1n distintas frutas, se sumar\u00e1n tambi\u00e9n los productores de c\u00edtricos del Litoral que vienen de realizar, en su zona, un tractorazo en reclamo por la crisis que atraviesan<\/em><\/strong><\/p>\n\n\n\n<p><\/p>\n\n\n\n<p><\/p>\n\n\n\n<p>Sebasti\u00e1n Hern\u00e1ndez, presidente de la Federaci\u00f3n, remarc\u00f3 la\np\u00e9rdida de rentabilidad, el malestar de los productores y que el &#8220;frutazo&#8221;\nes impulsado por las bases. &#8220;El productor no cubre los costos y el Estado\nse convierte en un socio importante, porque se lleva casi la mitad del\nnegocio&#8221;, dijo.<\/p>\n\n\n\n<p>Desde la Federaci\u00f3n del Alto Valle piden desarrollar un\nprograma de comercializaci\u00f3n directa del productor al consumidor e instrumentar\nuna pol\u00edtica de regulaci\u00f3n que garantice una &#8220;distribuci\u00f3n justa&#8221; de\nlas ganancias.<\/p>\n\n\n\n<p>&#8220;Hay 1500 productores en riesgo en R\u00edo Negro, m\u00e1s otros\n100 en Neuqu\u00e9n y una cifra similar en Mendoza&#8221;, defini\u00f3 Carlos Zanardi de\nla Federaci\u00f3n. Coment\u00f3 que hace una semana hubo una reuni\u00f3n en la Confederaci\u00f3n\nArgentina de la Mediana Empresa (Came) y las econom\u00edas regionales\n&#8220;apoyaron&#8221; la medida a pesar de la existencia de\n&#8220;presiones&#8221; desde el Gobierno para que &#8220;se baje la movilizaci\u00f3n&#8221;.<\/p>\n\n\n\n<p>El planteo apunta a la brecha existente entre lo que cobra\nel productor y lo que paga el consumidor. Por ejemplo, en un kilo de manzanas,\nlos valores son $6,30 el kilo (cuando producirlo cuesta, dicen, $11,18) y el\nconsumidor debe comprarlo a un promedio de $70. En el caso de la pera, el\nproductor cobra $5,15 por kilo (el costo de producci\u00f3n es tambi\u00e9n de $11,18) y\nse vende en $50.<\/p>\n\n\n\n<p>&#8220;La diferencia entre lo quedo percibe el productor y lo\nque paga el consumidor queda en manos del Estado y la intermediaci\u00f3n\ncomercial&#8221;, describi\u00f3 Zanardi y enfatiz\u00f3 que los productores que desaparecen\n&#8220;no vuelven a la actividad&#8221;.<\/p>\n\n\n\n<p>Desde el Alto Valle llegar\u00e1n unas 60 personas en colectivo.\n&#8220;Es el mismo sistema que hicimos en 2016; la fruta va embalada para ser\nrepartida. El problema hoy es peor que ese a\u00f1o; se agrav\u00f3. Se aplicaron\nretenciones que si bien son $4 por d\u00f3lar significa el 35% del valor de la fruta\ny eso se lo terminan bajando al productor&#8221;, explicaron.<\/p>\n\n\n\n<p>El presidente de la Federaci\u00f3n del Citrus de Ente R\u00edos, Ariel\nPanozzo Galmarello, confirm\u00f3 que se suman al &#8220;frutazo&#8221; y que est\u00e1n\ngestionando nuevamente el permiso de la provincia de Buenos Aires para pasar\ncon productos.<\/p>\n\n\n\n<p>&#8220;Hasta la semana pasada lo ten\u00edamos; ahora no. Est\u00e1\nprevisto que sea una manifestaci\u00f3n s\u00faper pac\u00edfica, sin ning\u00fan tipo de\nobstrucci\u00f3n; solo es ir y entregarle la fruta a la gente y mostrar la\ndisparidad de precios entre lo que recibimos nosotros y lo que ellos\npagan&#8221;, dijo.<\/p>\n\n\n\n<p>Ratific\u00f3 que la producci\u00f3n de limones, mandarinas, naranjas\ny pomelos est\u00e1 afectada por el regreso de las retenciones, la quita o\ndisminuci\u00f3n de los reintegros de exportaci\u00f3n y por otros temas de \u00edndole\nregional, vinculados al registro de personal y de juicios laborales.<\/p>\n","protected":false},"excerpt":{"rendered":"<p>La protesta es organizada por la Federaci\u00f3n de Productores de Frutas de R\u00edo Negro y Neuqu\u00e9n. A la movilizaci\u00f3n, donde se regalar\u00e1n distintas frutas, se sumar\u00e1n tambi\u00e9n los productores de c\u00edtricos del Litoral que vienen de realizar, en su zona, un tractorazo en reclamo por la crisis que atraviesan Sebasti\u00e1n Hern\u00e1ndez, presidente de la Federaci\u00f3n, remarc\u00f3 la p\u00e9rdida de rentabilidad, el malestar de los productores y que el &#8220;frutazo&#8221; es impulsado por las bases. &#8220;El productor no cubre los costos y el Estado se convierte en un socio importante, porque&#8230;<\/p>\n","protected":false},"author":3,"featured_media":43844,"comment_status":"closed","ping_status":"closed","sticky":false,"template":"","format":"standard","meta":[],"categories":[15],"tags":[],"_links":{"self":[{"href":"https:\/\/www.actualidadadiario.com\/index.php\/wp-json\/wp\/v2\/posts\/43843"}],"collection":[{"href":"https:\/\/www.actualidadadiario.com\/index.php\/wp-json\/wp\/v2\/posts"}],"about":[{"href":"https:\/\/www.actualidadadiario.com\/index.php\/wp-json\/wp\/v2\/types\/post"}],"author":[{"embeddable":true,"href":"https:\/\/www.actualidadadiario.com\/index.php\/wp-json\/wp\/v2\/users\/3"}],"replies":[{"embeddable":true,"href":"https:\/\/www.actualidadadiario.com\/index.php\/wp-json\/wp\/v2\/comments?post=43843"}],"version-history":[{"count":1,"href":"https:\/\/www.actualidadadiario.com\/index.php\/wp-json\/wp\/v2\/posts\/43843\/revisions"}],"predecessor-version":[{"id":43845,"href":"https:\/\/www.actualidadadiario.com\/index.php\/wp-json\/wp\/v2\/posts\/43843\/revisions\/43845"}],"wp:featuredmedia":[{"embeddable":true,"href":"https:\/\/www.actualidadadiario.com\/index.php\/wp-json\/wp\/v2\/media\/43844"}],"wp:attachment":[{"href":"https:\/\/www.actualidadadiario.com\/index.php\/wp-json\/wp\/v2\/media?parent=43843"}],"wp:term":[{"taxonomy":"category","embeddable":true,"href":"https:\/\/www.actualidadadiario.com\/index.php\/wp-json\/wp\/v2\/categories?post=43843"},{"taxonomy":"post_tag","embeddable":true,"href":"https:\/\/www.actualidadadiario.com\/index.php\/wp-json\/wp\/v2\/tags?post=43843"}],"curies":[{"name":"wp","href":"https:\/\/api.w.org\/{rel}","templated":true}]}}