{"id":43840,"date":"2019-04-23T10:41:04","date_gmt":"2019-04-23T13:41:04","guid":{"rendered":"https:\/\/www.actualidadadiario.com\/?p=43840"},"modified":"2019-05-06T20:53:10","modified_gmt":"2019-05-06T23:53:10","slug":"la-diferencia-final-entre-bordet-y-benedetti-fue-superior-a-los-165-mil-votos","status":"publish","type":"post","link":"https:\/\/www.actualidadadiario.com\/index.php\/2019\/04\/23\/la-diferencia-final-entre-bordet-y-benedetti-fue-superior-a-los-165-mil-votos\/","title":{"rendered":"La diferencia final entre Bordet y Benedetti fue superior a los 165 mil votos"},"content":{"rendered":"\n<p><strong><em>El escrutinio definitivo realizado por el Tribunal Electoral de las primarias provinciales, mostr\u00f3 que la f\u00f3rmula del Frente Justicialista Creer Entre R\u00edos Gustavo Bordet \u2013 Laura Stratta sum\u00f3 165 mil votos m\u00e1s que la de Cambiemos, integrada por Atilio Benedetti \u2013 Gustavo Hein<\/em><\/strong><\/p>\n\n\n\n<p><\/p>\n\n\n\n<p><\/p>\n\n\n\n<p>La f\u00f3rmula Bordet \u2013 Stratta del Frente Justicialista Creer\nEntre R\u00edos fue votado por 392.065 en las primarias abiertas, simult\u00e1neas y\nobligatorias (PASO) realizadas el pasado domingo 14 de abril, mientras que\nCambiemos (Benedetti \u2013 Hein) recogi\u00f3 226.223 votos, seg\u00fan inform\u00f3 el Tribunal\nElectoral.<\/p>\n\n\n\n<p>Si bien las f\u00f3rmulas no compet\u00edan entre s\u00ed, los guarismos de\nlas PASO anticipan cu\u00e1l podr\u00eda ser el desenlace en las generales del 9 de\njunio, cuando los entrerrianos voten para elegir qui\u00e9n ser\u00e1 el gobernador en el\nper\u00edodo 2019 \u2013 2023. De all\u00ed la importancia de los 165.842 votos de diferencia\nentre ambas listas.<\/p>\n\n\n\n<p>El escrutinio definitivo registr\u00f3 tambi\u00e9n que hubo 125 mil\nvotos en blanco en la categor\u00eda Gobernador, que se extiende a 144 mil en la de\nDiputados provinciales. <\/p>\n","protected":false},"excerpt":{"rendered":"<p>El escrutinio definitivo realizado por el Tribunal Electoral de las primarias provinciales, mostr\u00f3 que la f\u00f3rmula del Frente Justicialista Creer Entre R\u00edos Gustavo Bordet \u2013 Laura Stratta sum\u00f3 165 mil votos m\u00e1s que la de Cambiemos, integrada por Atilio Benedetti \u2013 Gustavo Hein La f\u00f3rmula Bordet \u2013 Stratta del Frente Justicialista Creer Entre R\u00edos fue votado por 392.065 en las primarias abiertas, simult\u00e1neas y obligatorias (PASO) realizadas el pasado domingo 14 de abril, mientras que Cambiemos (Benedetti \u2013 Hein) recogi\u00f3 226.223 votos, seg\u00fan inform\u00f3 el Tribunal Electoral. Si bien las&#8230;<\/p>\n","protected":false},"author":3,"featured_media":43841,"comment_status":"closed","ping_status":"closed","sticky":false,"template":"","format":"standard","meta":[],"categories":[9],"tags":[],"_links":{"self":[{"href":"https:\/\/www.actualidadadiario.com\/index.php\/wp-json\/wp\/v2\/posts\/43840"}],"collection":[{"href":"https:\/\/www.actualidadadiario.com\/index.php\/wp-json\/wp\/v2\/posts"}],"about":[{"href":"https:\/\/www.actualidadadiario.com\/index.php\/wp-json\/wp\/v2\/types\/post"}],"author":[{"embeddable":true,"href":"https:\/\/www.actualidadadiario.com\/index.php\/wp-json\/wp\/v2\/users\/3"}],"replies":[{"embeddable":true,"href":"https:\/\/www.actualidadadiario.com\/index.php\/wp-json\/wp\/v2\/comments?post=43840"}],"version-history":[{"count":1,"href":"https:\/\/www.actualidadadiario.com\/index.php\/wp-json\/wp\/v2\/posts\/43840\/revisions"}],"predecessor-version":[{"id":43842,"href":"https:\/\/www.actualidadadiario.com\/index.php\/wp-json\/wp\/v2\/posts\/43840\/revisions\/43842"}],"wp:featuredmedia":[{"embeddable":true,"href":"https:\/\/www.actualidadadiario.com\/index.php\/wp-json\/wp\/v2\/media\/43841"}],"wp:attachment":[{"href":"https:\/\/www.actualidadadiario.com\/index.php\/wp-json\/wp\/v2\/media?parent=43840"}],"wp:term":[{"taxonomy":"category","embeddable":true,"href":"https:\/\/www.actualidadadiario.com\/index.php\/wp-json\/wp\/v2\/categories?post=43840"},{"taxonomy":"post_tag","embeddable":true,"href":"https:\/\/www.actualidadadiario.com\/index.php\/wp-json\/wp\/v2\/tags?post=43840"}],"curies":[{"name":"wp","href":"https:\/\/api.w.org\/{rel}","templated":true}]}}