{"id":43838,"date":"2019-04-23T10:40:25","date_gmt":"2019-04-23T13:40:25","guid":{"rendered":"https:\/\/www.actualidadadiario.com\/?p=43838"},"modified":"2019-05-06T20:56:33","modified_gmt":"2019-05-06T23:56:33","slug":"bordet-supero-en-votos-a-benedetti-en-16-departamentos-y-cambiemos-perdio-con-el-voto-en-blanco-en-tres","status":"publish","type":"post","link":"https:\/\/www.actualidadadiario.com\/index.php\/2019\/04\/23\/bordet-supero-en-votos-a-benedetti-en-16-departamentos-y-cambiemos-perdio-con-el-voto-en-blanco-en-tres\/","title":{"rendered":"Bordet super\u00f3 en votos a Benedetti en 16 departamentos y Cambiemos perdi\u00f3 con el voto en blanco en tres"},"content":{"rendered":"\n<p><strong><em>Federaci\u00f3n es el \u00fanico departamento en el que el candidato a\u00a0 gobernador de Cambiemos obtuvo m\u00e1s sufragios que el peronista Gustavo Bordet. En varios distritos la postulaci\u00f3n del Gobernador sac\u00f3 m\u00e1s del doble de votos que la del radical. En el departamento Col\u00f3n el voto en blanco super\u00f3 tanto a Bordet como a Benedetti. En Islas y Feliciano el blanco fue m\u00e1s elegido que Benedetti<\/em><\/strong><\/p>\n\n\n\n<p><\/p>\n\n\n\n<p><\/p>\n\n\n\n<p>En 16 de los 17 departamentos de la provincia la postulaci\u00f3n\na un segundo mandato de Gustavo Bordet obtuvo m\u00e1s votos que la del diputado\nnacional Benedetti, que s\u00f3lo fue el m\u00e1s elegido en el departamento Federaci\u00f3n.<\/p>\n\n\n\n<p>Incluso en varios distritos Bordet dobl\u00f3 en votos al radical\ne incluso ampli\u00f3 esa diferencia, como Gualeguaych\u00fa, Uruguay, Ibicuy, Tala,\nVillaguay, Concordia, Feliciano y San Salvador.<\/p>\n\n\n\n<p>Hubo un departamento, Col\u00f3n, en el que el voto en blanco\nsuper\u00f3 tanto a Bordet como a Benedetti: 16.278 votaron en blanco en la\ncategor\u00eda gobernador, 15.924 optaron por Bordet y 7.828 por Benedetti.<\/p>\n\n\n\n<p>Y hubo otros dos departamentos en los que quienes votaron en\nblanco fueron m\u00e1s de los que votaron por Atilio Benedetti: Islas y Feliciano.<\/p>\n\n\n\n<p><strong>Guarismos de todos\nlos departamentos:<\/strong><\/p>\n\n\n\n<p><strong>Paran\u00e1<\/strong><\/p>\n\n\n\n<p>Bordet: 107.978<\/p>\n\n\n\n<p>Benedetti: 66.529<\/p>\n\n\n\n<p>En blanco: 28.383<\/p>\n\n\n\n<p><strong>La Paz<\/strong><\/p>\n\n\n\n<p>Bordet: 21.197<\/p>\n\n\n\n<p>Benedetti: 13.181<\/p>\n\n\n\n<p>En blanco: 8.445<\/p>\n\n\n\n<p><strong>Diamante<\/strong><\/p>\n\n\n\n<p>Bordet: 14.107<\/p>\n\n\n\n<p>Benedetti: 8.699<\/p>\n\n\n\n<p>En blanco: 3.298<\/p>\n\n\n\n<p><strong>Victoria<\/strong><\/p>\n\n\n\n<p>Bordet: 9.779<\/p>\n\n\n\n<p>Benedetti: 7.280<\/p>\n\n\n\n<p>En blanco: 4.531<\/p>\n\n\n\n<p><strong>Nogoy\u00e1<\/strong><\/p>\n\n\n\n<p>Bordet: 11.744<\/p>\n\n\n\n<p>Benedetti: 7.947<\/p>\n\n\n\n<p>En blanco: 4.213<\/p>\n\n\n\n<p><strong>Gualeguay<\/strong><\/p>\n\n\n\n<p>Bordet: 11.812<\/p>\n\n\n\n<p>Benedetti: 10.571<\/p>\n\n\n\n<p>En blanco: 7.640<\/p>\n\n\n\n<p><strong>Tala<\/strong><\/p>\n\n\n\n<p>Bordet: 9.025<\/p>\n\n\n\n<p>Benedetti: 5.510<\/p>\n\n\n\n<p>En blanco: 3.310<\/p>\n\n\n\n<p><strong>Uruguay<\/strong><\/p>\n\n\n\n<p>Bordet: 34.066<\/p>\n\n\n\n<p>Benedetti: 16.927<\/p>\n\n\n\n<p>En blanco: 7.501<\/p>\n\n\n\n<p><strong>Gualeguaych\u00fa<\/strong><\/p>\n\n\n\n<p>Bordet: 42.285<\/p>\n\n\n\n<p>Benedetti: 17.116<\/p>\n\n\n\n<p>En blanco: 11.483<\/p>\n\n\n\n<p><strong>Islas del Ibicuy<\/strong><\/p>\n\n\n\n<p>Bordet: 4.891<\/p>\n\n\n\n<p>En blanco: 2.049<\/p>\n\n\n\n<p>Benedetti: 1.045<\/p>\n\n\n\n<p><strong>Villaguay<\/strong><\/p>\n\n\n\n<p>Bordet: 14.487<\/p>\n\n\n\n<p>Benedetti: 7.598<\/p>\n\n\n\n<p>En blanco: 2.978<\/p>\n\n\n\n<p><strong>Concordia<\/strong><\/p>\n\n\n\n<p>Bordet: 55.970<\/p>\n\n\n\n<p>Benedetti: 22.023<\/p>\n\n\n\n<p>En blanco: 2.978<\/p>\n\n\n\n<p><strong>Federal<\/strong><\/p>\n\n\n\n<p>Bordet: 9.160<\/p>\n\n\n\n<p>Benedetti: 6.056<\/p>\n\n\n\n<p>En blanco: 1.780<\/p>\n\n\n\n<p><strong>Col\u00f3n:<\/strong><\/p>\n\n\n\n<p>En blanco: 16.278<\/p>\n\n\n\n<p>Bordet: 15.924<\/p>\n\n\n\n<p>Benedetti: 7.828<\/p>\n\n\n\n<p><strong>Feliciano<\/strong><\/p>\n\n\n\n<p>Bordet: 4.960<\/p>\n\n\n\n<p>En blanco: 2.510<\/p>\n\n\n\n<p>Benedetti: 2.200<\/p>\n\n\n\n<p><strong>Federaci\u00f3n<\/strong><\/p>\n\n\n\n<p>Benedetti: 22.573<\/p>\n\n\n\n<p>Bordet: 17.481<\/p>\n\n\n\n<p>En blanco: 5.186<\/p>\n\n\n\n<p><strong>San Salvador<\/strong><\/p>\n\n\n\n<p>Bordet: 7.092<\/p>\n\n\n\n<p>Benedetti: 3.122<\/p>\n\n\n\n<p>En blanco: 768. <\/p>\n","protected":false},"excerpt":{"rendered":"<p>Federaci\u00f3n es el \u00fanico departamento en el que el candidato a\u00a0 gobernador de Cambiemos obtuvo m\u00e1s sufragios que el peronista Gustavo Bordet. En varios distritos la postulaci\u00f3n del Gobernador sac\u00f3 m\u00e1s del doble de votos que la del radical. En el departamento Col\u00f3n el voto en blanco super\u00f3 tanto a Bordet como a Benedetti. En Islas y Feliciano el blanco fue m\u00e1s elegido que Benedetti En 16 de los 17 departamentos de la provincia la postulaci\u00f3n a un segundo mandato de Gustavo Bordet obtuvo m\u00e1s votos que la del diputado&#8230;<\/p>\n","protected":false},"author":3,"featured_media":43508,"comment_status":"closed","ping_status":"closed","sticky":false,"template":"","format":"standard","meta":[],"categories":[15],"tags":[],"_links":{"self":[{"href":"https:\/\/www.actualidadadiario.com\/index.php\/wp-json\/wp\/v2\/posts\/43838"}],"collection":[{"href":"https:\/\/www.actualidadadiario.com\/index.php\/wp-json\/wp\/v2\/posts"}],"about":[{"href":"https:\/\/www.actualidadadiario.com\/index.php\/wp-json\/wp\/v2\/types\/post"}],"author":[{"embeddable":true,"href":"https:\/\/www.actualidadadiario.com\/index.php\/wp-json\/wp\/v2\/users\/3"}],"replies":[{"embeddable":true,"href":"https:\/\/www.actualidadadiario.com\/index.php\/wp-json\/wp\/v2\/comments?post=43838"}],"version-history":[{"count":1,"href":"https:\/\/www.actualidadadiario.com\/index.php\/wp-json\/wp\/v2\/posts\/43838\/revisions"}],"predecessor-version":[{"id":43839,"href":"https:\/\/www.actualidadadiario.com\/index.php\/wp-json\/wp\/v2\/posts\/43838\/revisions\/43839"}],"wp:featuredmedia":[{"embeddable":true,"href":"https:\/\/www.actualidadadiario.com\/index.php\/wp-json\/wp\/v2\/media\/43508"}],"wp:attachment":[{"href":"https:\/\/www.actualidadadiario.com\/index.php\/wp-json\/wp\/v2\/media?parent=43838"}],"wp:term":[{"taxonomy":"category","embeddable":true,"href":"https:\/\/www.actualidadadiario.com\/index.php\/wp-json\/wp\/v2\/categories?post=43838"},{"taxonomy":"post_tag","embeddable":true,"href":"https:\/\/www.actualidadadiario.com\/index.php\/wp-json\/wp\/v2\/tags?post=43838"}],"curies":[{"name":"wp","href":"https:\/\/api.w.org\/{rel}","templated":true}]}}