{"id":43835,"date":"2019-04-23T10:39:40","date_gmt":"2019-04-23T13:39:40","guid":{"rendered":"https:\/\/www.actualidadadiario.com\/?p=43835"},"modified":"2019-05-06T20:54:53","modified_gmt":"2019-05-06T23:54:53","slug":"el-ministro-de-economia-confia-en-que-los-gremios-docentes-aceptaran-el-aumento-salarial-propuesto","status":"publish","type":"post","link":"https:\/\/www.actualidadadiario.com\/index.php\/2019\/04\/23\/el-ministro-de-economia-confia-en-que-los-gremios-docentes-aceptaran-el-aumento-salarial-propuesto\/","title":{"rendered":"El Ministro de Econom\u00eda conf\u00eda en que los gremios docentes aceptar\u00e1n el aumento salarial propuesto"},"content":{"rendered":"\n<p><strong><em>As\u00ed lo manifest\u00f3 Hugo Ballay quien adem\u00e1s analiz\u00f3 el contexto econ\u00f3mico en el que se da la negociaci\u00f3n salarial con los docentes entrerrianos y dejo un dato: la recaudaci\u00f3n provincial en el primer trimestre estuvo \u201c17 por ciento\u201d por debajo de la inflaci\u00f3n. Dijo que la \u00faltima propuesta de aumento presentada, atendiendo a la \u201cincertidumbre\u201d manifestada por los sindicatos, busca \u201ccerrar el a\u00f1o manteniendo el \u00edndice de inflaci\u00f3n en el salario\u201d<\/em><\/strong><\/p>\n\n\n\n<p><\/p>\n\n\n\n<p><\/p>\n\n\n\n<p>El ministro de Econom\u00eda hizo referencia a la paritaria\nsalarial que se sustancia con los sindicatos docentes que concluir\u00e1 este\njueves, mientras se aguarda que ma\u00f1ana mi\u00e9rcoles los gremios decidan si la\naceptan o no la \u00faltima oferta salarial.<\/p>\n\n\n\n<p>Se trata de un 22 por ciento de incremento (un 10 por ciento\nya abonado) m\u00e1s dos cl\u00e1usulas gatillo a aplicarse trimestralmente durante el\nsegundo semestre del 2019.<\/p>\n\n\n\n<p>\u201cNo es el mejor contexto\u201d, asent\u00f3 en principio el\nfuncionario y en declaraciones al programa Buen D\u00eda por FM Litoral brind\u00f3 un\ndato: la recaudaci\u00f3n de enero al 31 de marzo de este a\u00f1o estuvo \u201c17 por ciento\npor debajo de la inflaci\u00f3n\u201d.<\/p>\n\n\n\n<p>En ese marco, \u201cesta propuesta tiene como principal\ndiferencia con las interiores, justamente esta incertidumbre y el pedido de los\ngremios respecto al segundo semestre del a\u00f1o, porque nosotros en el primer\nsemestre le est\u00e1bamos garantizando inflaci\u00f3n y recomposici\u00f3n sobre la\ndiferencia inflacionaria con el a\u00f1o pasado y por eso la propuesta presentada\nayer contempla actualizaci\u00f3n trimestral lo que nos permite cerrar el a\u00f1o\nmanteniendo el \u00edndice de inflaci\u00f3n en el salario\u201d, explic\u00f3 Hugo Ballay.<\/p>\n\n\n\n<p>\u201cTenemos que ser muy cuidadosos con el gasto y en el destino\nde los recursos porque la otra alternativa es endeudarse y eso hoy implicar\u00eda\navalar tasas del 60 o 70 por ciento, con lo cual creo que los gremios entienden\nque la oferta que estamos haciendo es muy responsable\u201d, afirm\u00f3 para manifestar\nluego su confianza en que finalmente haya acuerdo: \u201cTenemos la fe y la\nesperanza en que habr\u00e1 aceptaci\u00f3n y se cierre la discusi\u00f3n salarial\u201d. <\/p>\n","protected":false},"excerpt":{"rendered":"<p>As\u00ed lo manifest\u00f3 Hugo Ballay quien adem\u00e1s analiz\u00f3 el contexto econ\u00f3mico en el que se da la negociaci\u00f3n salarial con los docentes entrerrianos y dejo un dato: la recaudaci\u00f3n provincial en el primer trimestre estuvo \u201c17 por ciento\u201d por debajo de la inflaci\u00f3n. Dijo que la \u00faltima propuesta de aumento presentada, atendiendo a la \u201cincertidumbre\u201d manifestada por los sindicatos, busca \u201ccerrar el a\u00f1o manteniendo el \u00edndice de inflaci\u00f3n en el salario\u201d El ministro de Econom\u00eda hizo referencia a la paritaria salarial que se sustancia con los sindicatos docentes que concluir\u00e1&#8230;<\/p>\n","protected":false},"author":3,"featured_media":43836,"comment_status":"closed","ping_status":"closed","sticky":false,"template":"","format":"standard","meta":[],"categories":[15],"tags":[],"_links":{"self":[{"href":"https:\/\/www.actualidadadiario.com\/index.php\/wp-json\/wp\/v2\/posts\/43835"}],"collection":[{"href":"https:\/\/www.actualidadadiario.com\/index.php\/wp-json\/wp\/v2\/posts"}],"about":[{"href":"https:\/\/www.actualidadadiario.com\/index.php\/wp-json\/wp\/v2\/types\/post"}],"author":[{"embeddable":true,"href":"https:\/\/www.actualidadadiario.com\/index.php\/wp-json\/wp\/v2\/users\/3"}],"replies":[{"embeddable":true,"href":"https:\/\/www.actualidadadiario.com\/index.php\/wp-json\/wp\/v2\/comments?post=43835"}],"version-history":[{"count":1,"href":"https:\/\/www.actualidadadiario.com\/index.php\/wp-json\/wp\/v2\/posts\/43835\/revisions"}],"predecessor-version":[{"id":43837,"href":"https:\/\/www.actualidadadiario.com\/index.php\/wp-json\/wp\/v2\/posts\/43835\/revisions\/43837"}],"wp:featuredmedia":[{"embeddable":true,"href":"https:\/\/www.actualidadadiario.com\/index.php\/wp-json\/wp\/v2\/media\/43836"}],"wp:attachment":[{"href":"https:\/\/www.actualidadadiario.com\/index.php\/wp-json\/wp\/v2\/media?parent=43835"}],"wp:term":[{"taxonomy":"category","embeddable":true,"href":"https:\/\/www.actualidadadiario.com\/index.php\/wp-json\/wp\/v2\/categories?post=43835"},{"taxonomy":"post_tag","embeddable":true,"href":"https:\/\/www.actualidadadiario.com\/index.php\/wp-json\/wp\/v2\/tags?post=43835"}],"curies":[{"name":"wp","href":"https:\/\/api.w.org\/{rel}","templated":true}]}}