{"id":43832,"date":"2019-04-23T10:39:02","date_gmt":"2019-04-23T13:39:02","guid":{"rendered":"https:\/\/www.actualidadadiario.com\/?p=43832"},"modified":"2019-05-06T20:51:32","modified_gmt":"2019-05-06T23:51:32","slug":"nuevas-ambulancias-se-suman-al-sistema-de-geolocalizacion","status":"publish","type":"post","link":"https:\/\/www.actualidadadiario.com\/index.php\/2019\/04\/23\/nuevas-ambulancias-se-suman-al-sistema-de-geolocalizacion\/","title":{"rendered":"Nuevas ambulancias se suman al sistema de geolocalizaci\u00f3n"},"content":{"rendered":"\n<p><strong><em>Con el objeto de mejorar el sistema provincial de emergencias del Ministerio de Salud que permite calcular en tiempo real la ubicaci\u00f3n de las ambulancias en tr\u00e1nsito, se sumar\u00e1n m\u00f3viles de los centros de salud pertenecientes a los departamentos de Diamante, Segu\u00ed, Nogoy\u00e1 y Victoria<\/em><\/strong><\/p>\n\n\n\n<p><\/p>\n\n\n\n<p><\/p>\n\n\n\n<p>La Direcci\u00f3n de Emergencia Sanitaria, que depende del\nMinisterio de Salud, organiz\u00f3 una reuni\u00f3n con los directores de centros de\nsalud de la provincia para evaluar el sistema de geolocalizaci\u00f3n de\nambulancias. El motivo principal fue mostrar el funcionamiento del sistema a\nlos referentes de Diamante, Segu\u00ed, Nogoy\u00e1 y Victoria que se van a incorporar y\ncomentar la realidad (forma de funcionamiento, cantidad de ambulancias) que\ncada uno tiene en su lugar de trabajo para optimizar la atenci\u00f3n.<\/p>\n\n\n\n<p>A su vez este encuentro sirvi\u00f3 para mantener el contacto con\naquellas instituciones que ya cuentan con esta metodolog\u00eda de trabajo. En esta\nl\u00ednea, el director de Emergencias, Jos\u00e9 Cuestas, mencion\u00f3 la importancia de\ntener conocimiento de los tiempos de atenci\u00f3n y demora de los m\u00f3viles\nsanitarios e incorporar nuevas localidades al servicio.<\/p>\n\n\n\n<p>Por su parte, el jefe de Comunicaciones del 107, Sergio\nAltamirano afirm\u00f3: \u201cCada centro trabaja de manera diferente en lo que respecta\na emergencia y la idea, desde la Direcci\u00f3n de Emergencias, es que se unifiquen\nlos criterios\u201d.<\/p>\n\n\n\n<p>Cabe destacar que el sistema cuenta con 14 operadores que\neval\u00faan los llamados que se reciben en la central 107 y derivan los m\u00f3viles que\nse encuentren m\u00e1s cerca del lugar del incidente. En la log\u00edstica se trabaja\njunto a los Bomberos Voluntarios que asisten en caso de que sea necesario.<\/p>\n\n\n\n<p>Los integrantes de la red de emergencias en Paran\u00e1 son los\nhospitales San Mart\u00edn, San Roque, Escuela de Salud Mental y Gerardo Domagk y\nlos centros de salud Ram\u00f3n Carrillo y Arturo O\u00f1ativia (ex Corrales). Por otro\nlado, el sistema opera en La Paz y Concordia. Los directores de los\nestablecimientos sanitarios adheridos cuentan con una aplicaci\u00f3n para celulares\nen la que pueden hacer el seguimiento de los veh\u00edculos.<\/p>\n","protected":false},"excerpt":{"rendered":"<p>Con el objeto de mejorar el sistema provincial de emergencias del Ministerio de Salud que permite calcular en tiempo real la ubicaci\u00f3n de las ambulancias en tr\u00e1nsito, se sumar\u00e1n m\u00f3viles de los centros de salud pertenecientes a los departamentos de Diamante, Segu\u00ed, Nogoy\u00e1 y Victoria La Direcci\u00f3n de Emergencia Sanitaria, que depende del Ministerio de Salud, organiz\u00f3 una reuni\u00f3n con los directores de centros de salud de la provincia para evaluar el sistema de geolocalizaci\u00f3n de ambulancias. El motivo principal fue mostrar el funcionamiento del sistema a los referentes de&#8230;<\/p>\n","protected":false},"author":3,"featured_media":43833,"comment_status":"closed","ping_status":"closed","sticky":false,"template":"","format":"standard","meta":[],"categories":[15],"tags":[],"_links":{"self":[{"href":"https:\/\/www.actualidadadiario.com\/index.php\/wp-json\/wp\/v2\/posts\/43832"}],"collection":[{"href":"https:\/\/www.actualidadadiario.com\/index.php\/wp-json\/wp\/v2\/posts"}],"about":[{"href":"https:\/\/www.actualidadadiario.com\/index.php\/wp-json\/wp\/v2\/types\/post"}],"author":[{"embeddable":true,"href":"https:\/\/www.actualidadadiario.com\/index.php\/wp-json\/wp\/v2\/users\/3"}],"replies":[{"embeddable":true,"href":"https:\/\/www.actualidadadiario.com\/index.php\/wp-json\/wp\/v2\/comments?post=43832"}],"version-history":[{"count":1,"href":"https:\/\/www.actualidadadiario.com\/index.php\/wp-json\/wp\/v2\/posts\/43832\/revisions"}],"predecessor-version":[{"id":43834,"href":"https:\/\/www.actualidadadiario.com\/index.php\/wp-json\/wp\/v2\/posts\/43832\/revisions\/43834"}],"wp:featuredmedia":[{"embeddable":true,"href":"https:\/\/www.actualidadadiario.com\/index.php\/wp-json\/wp\/v2\/media\/43833"}],"wp:attachment":[{"href":"https:\/\/www.actualidadadiario.com\/index.php\/wp-json\/wp\/v2\/media?parent=43832"}],"wp:term":[{"taxonomy":"category","embeddable":true,"href":"https:\/\/www.actualidadadiario.com\/index.php\/wp-json\/wp\/v2\/categories?post=43832"},{"taxonomy":"post_tag","embeddable":true,"href":"https:\/\/www.actualidadadiario.com\/index.php\/wp-json\/wp\/v2\/tags?post=43832"}],"curies":[{"name":"wp","href":"https:\/\/api.w.org\/{rel}","templated":true}]}}