{"id":43829,"date":"2019-04-23T10:38:22","date_gmt":"2019-04-23T13:38:22","guid":{"rendered":"https:\/\/www.actualidadadiario.com\/?p=43829"},"modified":"2019-05-06T20:55:07","modified_gmt":"2019-05-06T23:55:07","slug":"el-gobierno-mejoro-la-oferta-salarial-a-los-docentes-en-el-marco-de-la-conciliacion","status":"publish","type":"post","link":"https:\/\/www.actualidadadiario.com\/index.php\/2019\/04\/23\/el-gobierno-mejoro-la-oferta-salarial-a-los-docentes-en-el-marco-de-la-conciliacion\/","title":{"rendered":"El gobierno mejor\u00f3 la oferta salarial a los docentes en el marco de la conciliaci\u00f3n"},"content":{"rendered":"\n<p><strong><em>Autoridades del gobierno de Entre R\u00edos y los titulares de los gremios docentes Agmer y Amet, volvieron a reunirse en el marco de la conciliaci\u00f3n obligatoria que tramita en la justicia provincial. La provincia mejor\u00f3 la oferta salarial y los c\u00f3digos requeridos por los sindicatos<\/em><\/strong><\/p>\n\n\n\n<p><\/p>\n\n\n\n<p><\/p>\n\n\n\n<p>&#8220;Llevamos hoy una propuesta superadora que busca dar\nrespuesta a las demandas de los sindicatos docentes a pesar de las dif\u00edcil\nsituaci\u00f3n econ\u00f3mica que atraviesa la provincia a ra\u00edz de las pol\u00edticas\nnacionales&#8221;, expres\u00f3 al t\u00e9rmino del encuentro la presidenta del Consejo\nGeneral de Educaci\u00f3n (CGE), Marta Land\u00f3.<\/p>\n\n\n\n<p>Durante la audiencia conciliatoria que se llev\u00f3 a cabo en el\nJuzgado Laboral N\u00ba1, a cargo de la Dra. Gladys Pinto, la provincia propuso\nmantener el aumento del 22 por ciento para el primer semestre, de los cuales un\n10 por ciento ya se liquid\u00f3 en marzo y el restante 12 se liquidar\u00eda con los\nhaberes de mayo. 11 puntos de esa propuesta corresponden al aumento pendiente\ndel 2018 por el desfasaje entre salarios e inflaci\u00f3n. La diferencia restante\nentre salarios e inflaci\u00f3n del primer semestre de 2019 se actualizar\u00e1 con la\nliquidaci\u00f3n de los haberes de junio.<\/p>\n\n\n\n<p>Para el segundo semestre se propuso una actualizaci\u00f3n\ntrimestral de haberes, esto es: el aumento de julio, agosto y septiembre se\nliquidar\u00eda con los haberes de octubre; y los aumentos de octubre, noviembre y\ndiciembre se liquidar\u00edan con los haberes de enero del 2020.<\/p>\n\n\n\n<p>A todo ello se sumar\u00eda el aumento del c\u00f3digo 117, que\nrepresenta una suma fija y remunerativa que ascender\u00eda a 660 con retroactividad\na marzo, y a 750 pesos a partir de mayo. Por otra parte, se propuso aumentar la\ncompensaci\u00f3n por transporte, el c\u00f3digo 029, en un 22 por ciento tambi\u00e9n con\nretroactividad a marzo.<\/p>\n\n\n\n<p>&#8220;Entre R\u00edos no es ajena a la dificil situaci\u00f3n que vive\nel pa\u00eds a ra\u00edz de las desacertadas pol\u00edticas macroecon\u00f3micas. La ca\u00edda\nconstante de la recaudaci\u00f3n y la recesi\u00f3n econ\u00f3mica han limitado fuertemente la\ncapacidad de la provincia, pero es decisi\u00f3n del gobernador Gustavo Bordet\nllevar a los docentes la mejor propuesta posible. As\u00ed como tambi\u00e9n mejorar las\ncondiciones laborales y en especial la titularizaci\u00f3n docente&#8221;, expres\u00f3,\nadem\u00e1s, Land\u00f3.<\/p>\n\n\n\n<p>La funcionaria provincial destac\u00f3 que &#8220;es importante\nponernos de acuerdo para llevar la mejor propuesta a nuestros docentes y\ntambi\u00e9n para que no perdamos m\u00e1s d\u00edas de clases. Estamos convencidos que la\neducaci\u00f3n es el camino para el desarrollo de Entre R\u00edos, y es un derecho que\nnos exige el m\u00e1ximo esfuerzo y responsabilidad, por el bien de nuestros\ngurises&#8221;.<\/p>\n\n\n\n<p>&#8220;Creemos que la propuesta que elevamos hoy contiene las\ndemandas expresadas por gremios. Es una propuesta equilibrada y elaborada con\nmucho compromiso. Es el m\u00e1ximo esfuerzo que puede hacer la administraci\u00f3n\nprovincial en un contexto econ\u00f3mico muy delicado como el que todos conocemos. Y\nlo hacemos adem\u00e1s con el convencimiento de que hay que tender puentes para el\ndi\u00e1logo y el acuerdo&#8221;, concluy\u00f3 Land\u00f3.<\/p>\n","protected":false},"excerpt":{"rendered":"<p>Autoridades del gobierno de Entre R\u00edos y los titulares de los gremios docentes Agmer y Amet, volvieron a reunirse en el marco de la conciliaci\u00f3n obligatoria que tramita en la justicia provincial. La provincia mejor\u00f3 la oferta salarial y los c\u00f3digos requeridos por los sindicatos &#8220;Llevamos hoy una propuesta superadora que busca dar respuesta a las demandas de los sindicatos docentes a pesar de las dif\u00edcil situaci\u00f3n econ\u00f3mica que atraviesa la provincia a ra\u00edz de las pol\u00edticas nacionales&#8221;, expres\u00f3 al t\u00e9rmino del encuentro la presidenta del Consejo General de Educaci\u00f3n&#8230;<\/p>\n","protected":false},"author":3,"featured_media":43830,"comment_status":"closed","ping_status":"closed","sticky":false,"template":"","format":"standard","meta":[],"categories":[15],"tags":[],"_links":{"self":[{"href":"https:\/\/www.actualidadadiario.com\/index.php\/wp-json\/wp\/v2\/posts\/43829"}],"collection":[{"href":"https:\/\/www.actualidadadiario.com\/index.php\/wp-json\/wp\/v2\/posts"}],"about":[{"href":"https:\/\/www.actualidadadiario.com\/index.php\/wp-json\/wp\/v2\/types\/post"}],"author":[{"embeddable":true,"href":"https:\/\/www.actualidadadiario.com\/index.php\/wp-json\/wp\/v2\/users\/3"}],"replies":[{"embeddable":true,"href":"https:\/\/www.actualidadadiario.com\/index.php\/wp-json\/wp\/v2\/comments?post=43829"}],"version-history":[{"count":1,"href":"https:\/\/www.actualidadadiario.com\/index.php\/wp-json\/wp\/v2\/posts\/43829\/revisions"}],"predecessor-version":[{"id":43831,"href":"https:\/\/www.actualidadadiario.com\/index.php\/wp-json\/wp\/v2\/posts\/43829\/revisions\/43831"}],"wp:featuredmedia":[{"embeddable":true,"href":"https:\/\/www.actualidadadiario.com\/index.php\/wp-json\/wp\/v2\/media\/43830"}],"wp:attachment":[{"href":"https:\/\/www.actualidadadiario.com\/index.php\/wp-json\/wp\/v2\/media?parent=43829"}],"wp:term":[{"taxonomy":"category","embeddable":true,"href":"https:\/\/www.actualidadadiario.com\/index.php\/wp-json\/wp\/v2\/categories?post=43829"},{"taxonomy":"post_tag","embeddable":true,"href":"https:\/\/www.actualidadadiario.com\/index.php\/wp-json\/wp\/v2\/tags?post=43829"}],"curies":[{"name":"wp","href":"https:\/\/api.w.org\/{rel}","templated":true}]}}