{"id":43824,"date":"2019-04-22T10:07:07","date_gmt":"2019-04-22T13:07:07","guid":{"rendered":"https:\/\/www.actualidadadiario.com\/?p=43824"},"modified":"2019-05-06T20:56:27","modified_gmt":"2019-05-06T23:56:27","slug":"buscan-crear-un-fondo-para-asistir-a-personas-victimas-de-trata","status":"publish","type":"post","link":"https:\/\/www.actualidadadiario.com\/index.php\/2019\/04\/22\/buscan-crear-un-fondo-para-asistir-a-personas-victimas-de-trata\/","title":{"rendered":"Buscan crear un fondo para asistir a personas v\u00edctimas de trata"},"content":{"rendered":"\n<p><strong><em>Desde la Subsecretar\u00eda de Acceso a la Justicia bindaron detalles de la iniciativa<\/em><\/strong><\/p>\n\n\n\n<p><\/p>\n\n\n\n<p><\/p>\n\n\n\n<p>Desde la Subsecretar\u00eda de Acceso a la Justicia, que dependen\ndel Ministerio de Justicia de la Naci\u00f3n, buscan impulsar la creaci\u00f3n de un\nfondo para asistir a las v\u00edctimas de trata. &#8220;Permitir\u00e1 saldar una deuda\npendiente&#8221; se\u00f1alaron desde el organismo. La ley de trata fue sancionada en\n2008 y modificada en 2012. <\/p>\n\n\n\n<p>Mar\u00eda Fernanda Rodr\u00edguez, subsecretaria de Acceso a la\nJusticia, coment\u00f3 que se trata de &#8220;un reclamo de las v\u00edctimas y de la\nsociedad civil de la Argentina, y permitir\u00e1 saldar una deuda pendiente&#8221; en\nla lucha por combatir la explotaci\u00f3n de personas. <\/p>\n\n\n\n<p>Seg\u00fan explic\u00f3 la funcionaria en declaraciones a T\u00e9lam que el\nfondo est\u00e1 previsto en el art\u00edculo 27 de la ley 26.364, de Prevenci\u00f3n y Sanci\u00f3n\nde la Trata de Personas y Asistencia a sus V\u00edctimas pero nunca se lleg\u00f3 a\ninstrumentar. En ese marco destac\u00f3 la necesidad de hacerlo &#8220;para poder\ndisponer de los recursos que son producto de los decomisos, y destinarlos a\nrepasar los da\u00f1os causados a las personas recuperadas de la explotaci\u00f3n&#8221;.<\/p>\n\n\n\n<p>Rodr\u00edguez, quien tambi\u00e9n se desempe\u00f1a como coordinadora\ngeneral del Consejo Federal de Trata de Personas, remarc\u00f3 que en tres a\u00f1os\n&#8220;se han rescatado m\u00e1s o menos a 13.800 v\u00edctimas, y que han sido\njudicializados aproximadamente 1.200 casos&#8221;, algunos de los cuales ya\ntienen sentencia y otros est\u00e1n en proceso en los tribunales.<\/p>\n\n\n\n<p>&#8220;El fondo se integra con los recursos incautados\ndurante los allanamientos, y lo producido en el delito de la explotaci\u00f3n de las\npersonas, es decir con todo este esquema de bienes secuestrados y\ndecomisados&#8221;, que son administrados do forma &#8220;deficiente&#8221; y\nmuchas veces &#8220;suelen perder su valor adquisitivo en lugar de\npreservarlos&#8221;.<\/p>\n\n\n\n<p>La ley 26.364 de Prevenci\u00f3n y Sanci\u00f3n de la Trata de\nPersonas y Asistencia a las v\u00edctimas fue sancionada en abril de 2008 y\nmodificada en diciembre de 2012, tras conocerse el fallo que dej\u00f3 en libertad a\nlos 13 imputados por el secuestro de Marita Ver\u00f3n, la joven tucumana que\ndesapareci\u00f3 hace diez a\u00f1os y cuya madre, Susana Trimarco, se convirti\u00f3 en un\nemblema de la lucha contra este delito.<\/p>\n","protected":false},"excerpt":{"rendered":"<p>Desde la Subsecretar\u00eda de Acceso a la Justicia bindaron detalles de la iniciativa Desde la Subsecretar\u00eda de Acceso a la Justicia, que dependen del Ministerio de Justicia de la Naci\u00f3n, buscan impulsar la creaci\u00f3n de un fondo para asistir a las v\u00edctimas de trata. &#8220;Permitir\u00e1 saldar una deuda pendiente&#8221; se\u00f1alaron desde el organismo. La ley de trata fue sancionada en 2008 y modificada en 2012. Mar\u00eda Fernanda Rodr\u00edguez, subsecretaria de Acceso a la Justicia, coment\u00f3 que se trata de &#8220;un reclamo de las v\u00edctimas y de la sociedad civil de&#8230;<\/p>\n","protected":false},"author":3,"featured_media":43825,"comment_status":"closed","ping_status":"closed","sticky":false,"template":"","format":"standard","meta":[],"categories":[4],"tags":[],"_links":{"self":[{"href":"https:\/\/www.actualidadadiario.com\/index.php\/wp-json\/wp\/v2\/posts\/43824"}],"collection":[{"href":"https:\/\/www.actualidadadiario.com\/index.php\/wp-json\/wp\/v2\/posts"}],"about":[{"href":"https:\/\/www.actualidadadiario.com\/index.php\/wp-json\/wp\/v2\/types\/post"}],"author":[{"embeddable":true,"href":"https:\/\/www.actualidadadiario.com\/index.php\/wp-json\/wp\/v2\/users\/3"}],"replies":[{"embeddable":true,"href":"https:\/\/www.actualidadadiario.com\/index.php\/wp-json\/wp\/v2\/comments?post=43824"}],"version-history":[{"count":1,"href":"https:\/\/www.actualidadadiario.com\/index.php\/wp-json\/wp\/v2\/posts\/43824\/revisions"}],"predecessor-version":[{"id":43826,"href":"https:\/\/www.actualidadadiario.com\/index.php\/wp-json\/wp\/v2\/posts\/43824\/revisions\/43826"}],"wp:featuredmedia":[{"embeddable":true,"href":"https:\/\/www.actualidadadiario.com\/index.php\/wp-json\/wp\/v2\/media\/43825"}],"wp:attachment":[{"href":"https:\/\/www.actualidadadiario.com\/index.php\/wp-json\/wp\/v2\/media?parent=43824"}],"wp:term":[{"taxonomy":"category","embeddable":true,"href":"https:\/\/www.actualidadadiario.com\/index.php\/wp-json\/wp\/v2\/categories?post=43824"},{"taxonomy":"post_tag","embeddable":true,"href":"https:\/\/www.actualidadadiario.com\/index.php\/wp-json\/wp\/v2\/tags?post=43824"}],"curies":[{"name":"wp","href":"https:\/\/api.w.org\/{rel}","templated":true}]}}