{"id":43821,"date":"2019-04-22T10:06:17","date_gmt":"2019-04-22T13:06:17","guid":{"rendered":"https:\/\/www.actualidadadiario.com\/?p=43821"},"modified":"2019-05-06T20:53:03","modified_gmt":"2019-05-06T23:53:03","slug":"la-inflacion-golpea-a-la-educacion-privada","status":"publish","type":"post","link":"https:\/\/www.actualidadadiario.com\/index.php\/2019\/04\/22\/la-inflacion-golpea-a-la-educacion-privada\/","title":{"rendered":"La inflaci\u00f3n golpea a la educaci\u00f3n privada"},"content":{"rendered":"\n<p><strong><em>Los colegios privados suelen hacer pasar los sueldos como principales rubros de incremento. Desmentida de los docentes<\/em><\/strong><\/p>\n\n\n\n<p><\/p>\n\n\n\n<p><\/p>\n\n\n\n<p>Conocida la inflaci\u00f3n de 4,7 por ciento, correspondiente a\nmarzo, la m\u00e1s alta del trimestre, el rubro de la educaci\u00f3n fue uno de los que\nmayor aumento sufrieron, seg\u00fan datos del propio Instituto Nacional de\nEstad\u00edsticas y Censos (Indec): 17,9 por ciento, basado principalmente en el\nincremento de las cuotas de los colegios privados. Desde el Sindicato Argentino\nde Docentes de Docentes Privados (Sadop) aseguraron que esa suba no est\u00e1\nrelacionada con los salarios docentes, sino que se utiliza para financiar las\nreformas edilicias de las escuelas o forma parte de la ganancia de los due\u00f1os\nde los establecimientos educativos. \u201cIntentan ligar el aumento salarial con el\naumento de la cuota del colegio, pero nosotros hicimos un estudio en el que\nqued\u00f3 demostrado que la incidencia del salario es de entre un 2 o 3 por ciento\nen la estructura del colegio, sumado a que la gran mayor\u00eda cuenta con\nsubsidios\u201d, dijo a P\u00e1ginaI12 Gerardo Alzamora, secretario de Prensa de Sadop.<\/p>\n\n\n\n<p>Respecto a marzo de 2018, el Indec inform\u00f3 que la inflaci\u00f3n\nen educaci\u00f3n fue del 36,5 por ciento mientras que de diciembre de 2018 a marzo\nde este a\u00f1o el incremento fue de 20,6 por ciento. Alzamora afirm\u00f3 que, aunque\nse intenta se\u00f1alar a los salarios docentes como causa de los aumentos en las\ncuotas, buena parte de las escuelas de gesti\u00f3n privada cuentan con subsidios\nestatales para sostener la plantilla docente. \u201cLo que subsidia el Estado son\nlos salarios. Los subsidios van direccionados a la escuela con nombre y\napellido del docente y el due\u00f1o (de la escuela) debe hacer el traslado a la\ncuenta salario del docente\u201d, explic\u00f3. El porcentaje del subsidio var\u00eda seg\u00fan la\ninstituci\u00f3n educativa y el Estado puede financiar el 100, el 80 o el 60 por\nciento de la plantilla docente. \u201cNo se subsidian los gastos diarios ni la\nganancia de los patrones\u201d, agreg\u00f3.<\/p>\n\n\n\n<p>El aumento en las cuotas gener\u00f3 una baja en las matr\u00edculas\nde las escuelas privadas. Si bien no cuentan con datos oficiales, los cuales no\nser\u00edan difundidos por las c\u00e1maras patronales, los docentes privados denunciaron\nque desde 2016 ha disminuido la cantidad de alumnos en las escuelas de gesti\u00f3n\nprivada. \u201cB\u00e1sicamente tiene que ver con la imposibilidad de pagar la cuota por\nla crisis \u2013explic\u00f3\u2013 A los padres no pagadores los invitan a retirarse o a\ncambiar a sus hijos de colegio\u201d. Como consecuencia de la merma de alumnos, se\neliminan o fusionan cursos. <\/p>\n\n\n\n<p>Esta reducci\u00f3n trae aparejados despidos. \u201cDesde 2016 a la\nfecha hemos visto que se han venido sucediendo despidos, es un fen\u00f3meno\nhormiga\u201d, detall\u00f3 el dirigente de Sadop. Alzamora afirm\u00f3 que a inicios del\nciclo lectivo se registraron despidos en distintos puntos del pa\u00eds. En\nProvincia de Buenos Aires, el distrito m\u00e1s poblado, se registraron 250\ndespidos, mientras que en Chubut se registraron 40. \u201cLos despidos son\nfundamentalmente en secundaria\u201d, denunci\u00f3.<\/p>\n\n\n\n<p>Asimismo, desde Sadop aseguraron que existen \u201cdespidos\nencubiertos\u201d. \u201cLe dicen (al docente) que la escuela no est\u00e1 bien y lo invitan a\nrenunciar bajo el compromiso de convocarlo despu\u00e9s o de contactarlo con otra\nescuela que lo tome. Es lo que m\u00e1s se da y lo menos cuantificable\u201d, sostuvo\nAlzamora. Estos despidos son los que suelen darse en localidades peque\u00f1as del\ninterior del pa\u00eds, donde si el docente hace visible su reclamo, es dif\u00edcil que\npueda conseguir trabajo.<\/p>\n\n\n\n<p>Otro problema detectado por Sadop es que las escuelas han\ncomenzado a demorar los pagos de los salarios. Seg\u00fan Alzamora, \u201cproducto de la\ncrisis\u201d cada vez hay m\u00e1s docentes que cobran su salario despu\u00e9s del quinto d\u00eda\nh\u00e1bil del mes, mientras que otros directamente cobran en cuotas. <\/p>\n\n\n\n<p>El aumento en educaci\u00f3n tambi\u00e9n se da en los \u00fatiles\nescolares. Seg\u00fan Sadop, los bienes vinculados a la canasta escolar, como es el\ncaso de \u00fatiles y uniformes, sufrieron aumentos de precio. De acuerdo al \u00cdndice\nde Precio al Consumidor (IPC) de la Ciudad de Buenos Aires, un cuaderno\nescolar, por ejemplo costaba 72,5 pesos en marzo de 2018 y un a\u00f1o m\u00e1s tarde\ncuesta 120. <\/p>\n\n\n\n<p>\u201cNo estamos viendo una merma de matr\u00edculas, pero s\u00ed un\ncorrimiento de matriculas de colegio de mayor cuota hacia colegios de menor\ncuota\u201d, dijo a este medio Javier Astoraga, secretario de relaciones\ninstitucionales de Sadop Capital, respecto a la situaci\u00f3n de las escuelas porte\u00f1as.\nAstoraga afirm\u00f3 que hay un aumento en la cantidad de alumnos de escuelas\nparroquiales y esto \u201cdar\u00eda cuenta de que esos padres no encuentran matr\u00edcula en\ncolegios de gesti\u00f3n p\u00fablica\u201d. \u201cEn t\u00e9rminos generales, este proceso empez\u00f3 en\n2016, pero reci\u00e9n ahora lo vemos con preocupaci\u00f3n y creemos que esto es as\u00ed\nporque lo \u00faltimo que uno tiende a cortar es la educaci\u00f3n de los hijos\u201d, opin\u00f3.<\/p>\n","protected":false},"excerpt":{"rendered":"<p>Los colegios privados suelen hacer pasar los sueldos como principales rubros de incremento. Desmentida de los docentes Conocida la inflaci\u00f3n de 4,7 por ciento, correspondiente a marzo, la m\u00e1s alta del trimestre, el rubro de la educaci\u00f3n fue uno de los que mayor aumento sufrieron, seg\u00fan datos del propio Instituto Nacional de Estad\u00edsticas y Censos (Indec): 17,9 por ciento, basado principalmente en el incremento de las cuotas de los colegios privados. Desde el Sindicato Argentino de Docentes de Docentes Privados (Sadop) aseguraron que esa suba no est\u00e1 relacionada con los&#8230;<\/p>\n","protected":false},"author":3,"featured_media":43822,"comment_status":"closed","ping_status":"closed","sticky":false,"template":"","format":"standard","meta":[],"categories":[4],"tags":[],"_links":{"self":[{"href":"https:\/\/www.actualidadadiario.com\/index.php\/wp-json\/wp\/v2\/posts\/43821"}],"collection":[{"href":"https:\/\/www.actualidadadiario.com\/index.php\/wp-json\/wp\/v2\/posts"}],"about":[{"href":"https:\/\/www.actualidadadiario.com\/index.php\/wp-json\/wp\/v2\/types\/post"}],"author":[{"embeddable":true,"href":"https:\/\/www.actualidadadiario.com\/index.php\/wp-json\/wp\/v2\/users\/3"}],"replies":[{"embeddable":true,"href":"https:\/\/www.actualidadadiario.com\/index.php\/wp-json\/wp\/v2\/comments?post=43821"}],"version-history":[{"count":1,"href":"https:\/\/www.actualidadadiario.com\/index.php\/wp-json\/wp\/v2\/posts\/43821\/revisions"}],"predecessor-version":[{"id":43823,"href":"https:\/\/www.actualidadadiario.com\/index.php\/wp-json\/wp\/v2\/posts\/43821\/revisions\/43823"}],"wp:featuredmedia":[{"embeddable":true,"href":"https:\/\/www.actualidadadiario.com\/index.php\/wp-json\/wp\/v2\/media\/43822"}],"wp:attachment":[{"href":"https:\/\/www.actualidadadiario.com\/index.php\/wp-json\/wp\/v2\/media?parent=43821"}],"wp:term":[{"taxonomy":"category","embeddable":true,"href":"https:\/\/www.actualidadadiario.com\/index.php\/wp-json\/wp\/v2\/categories?post=43821"},{"taxonomy":"post_tag","embeddable":true,"href":"https:\/\/www.actualidadadiario.com\/index.php\/wp-json\/wp\/v2\/tags?post=43821"}],"curies":[{"name":"wp","href":"https:\/\/api.w.org\/{rel}","templated":true}]}}