{"id":43812,"date":"2019-04-22T10:03:51","date_gmt":"2019-04-22T13:03:51","guid":{"rendered":"https:\/\/www.actualidadadiario.com\/?p=43812"},"modified":"2019-05-06T20:50:23","modified_gmt":"2019-05-06T23:50:23","slug":"siguen-los-repudios-al-arresto-de-assange","status":"publish","type":"post","link":"https:\/\/www.actualidadadiario.com\/index.php\/2019\/04\/22\/siguen-los-repudios-al-arresto-de-assange\/","title":{"rendered":"Siguen los repudios al arresto de Assange"},"content":{"rendered":"\n<p><strong><em>La Asociaci\u00f3n Americana de Juristas (AAJ) repudi\u00f3 a trav\u00e9s de un comunicado el retiro de protecci\u00f3n diplom\u00e1tica por parte del gobierno de Ecuador y la entrega a Reino Unido de Julian Assange, fundador de WikiLeaks. La postura de la AAJ, ONG con estatuto consultivo ante el Consejo Econ\u00f3mico y Social de las Naciones Unidas, qued\u00f3 plasmada en un documento en el que se destaca la \u201cvalent\u00eda de Assange en revelar la vigilancia estatal que viola los procesos b\u00e1sicos de democracia, los derechos constitucionales y los derechos humanos\u201d<\/em><\/strong><\/p>\n\n\n\n<p><\/p>\n\n\n\n<p><\/p>\n\n\n\n<p>Assange, editor y ciberactivista, fue arrestado el pasado 11\nde abril. Estaba refugiado desde 2012 en la embajada de Ecuador en Londres, en\nel distrito de Knightsbridge, luego de que la Corte Suprema brit\u00e1nica fallara\nen su contra y ordenara su detenci\u00f3n y posterior traslado a Suecia, donde una\nfiscal hab\u00eda cursado una orden de captura internacional por considerarlo\nsospechoso de haber cometido un crimen sexual. Aunque nunca fue acusado de\ndicho crimen y la fiscal\u00eda sueca eventualmente archiv\u00f3 la investigaci\u00f3n,\nAssange fue detenido tras ser expulsado de la embajada por supuestamente haber\nviolado su libertad condicional. Minutos despu\u00e9s Estados Unidos curs\u00f3 su pedido\nde extradici\u00f3n.<\/p>\n\n\n\n<p>La decisi\u00f3n del gobierno de Ecuador, que coloca al activista\na un paso de la extradici\u00f3n a los Estados Unidos y que fue justificada por\nLen\u00edn Moreno como una respuesta a las reiteradas violaciones (por parte de\nAssange) de las \u201cconvenciones internacionales y protocolo de convivencia\u201d, es\npara la AAJ una \u201crenuncia a la soberan\u00eda nacional\u201d.<\/p>\n\n\n\n<p>Es, tambi\u00e9n, una medida que \u201cvulnera el derecho al asilo y\nviola los art\u00edculos 9 y 10 de la Declaraci\u00f3n Universal de Derechos Humanos, los\nart\u00edculos 7, 9, 10 y 14 del Pacto Internacional de Derechos Civiles y\nPol\u00edticos, el derecho humanitario y la Constituci\u00f3n ecuatoriana\u201d. Tambi\u00e9n\nasegura la AAJ que la Convenci\u00f3n contra la Tortura y Otros Tratos o Penas\nCrueles, Inhumanos o Degradantes proh\u00edbe la extradici\u00f3n a un pa\u00eds donde la\npersona puedo correr peligro de ser torturada.<\/p>\n\n\n\n<p>Asimismo, organizaciones sociales, periodistas y\npersonalidades de la cultura y la pol\u00edtica de todo el mundo respaldaron a\nAssange. Entre los firmantes de todo el mundo figuran el Premio Nobel de la Paz\nAdolfo P\u00e9rez Esquivel; Manuel Zelaya, ex presidente de Honduras; Fernando Lugo;\nex Presidente de Paraguay, el cantautor cubano Ra\u00fal Torres, la Madre de Plaza\nde Mayo Nora Corti\u00f1as.<\/p>\n","protected":false},"excerpt":{"rendered":"<p>La Asociaci\u00f3n Americana de Juristas (AAJ) repudi\u00f3 a trav\u00e9s de un comunicado el retiro de protecci\u00f3n diplom\u00e1tica por parte del gobierno de Ecuador y la entrega a Reino Unido de Julian Assange, fundador de WikiLeaks. La postura de la AAJ, ONG con estatuto consultivo ante el Consejo Econ\u00f3mico y Social de las Naciones Unidas, qued\u00f3 plasmada en un documento en el que se destaca la \u201cvalent\u00eda de Assange en revelar la vigilancia estatal que viola los procesos b\u00e1sicos de democracia, los derechos constitucionales y los derechos humanos\u201d Assange, editor y&#8230;<\/p>\n","protected":false},"author":3,"featured_media":43813,"comment_status":"closed","ping_status":"closed","sticky":false,"template":"","format":"standard","meta":[],"categories":[4],"tags":[],"_links":{"self":[{"href":"https:\/\/www.actualidadadiario.com\/index.php\/wp-json\/wp\/v2\/posts\/43812"}],"collection":[{"href":"https:\/\/www.actualidadadiario.com\/index.php\/wp-json\/wp\/v2\/posts"}],"about":[{"href":"https:\/\/www.actualidadadiario.com\/index.php\/wp-json\/wp\/v2\/types\/post"}],"author":[{"embeddable":true,"href":"https:\/\/www.actualidadadiario.com\/index.php\/wp-json\/wp\/v2\/users\/3"}],"replies":[{"embeddable":true,"href":"https:\/\/www.actualidadadiario.com\/index.php\/wp-json\/wp\/v2\/comments?post=43812"}],"version-history":[{"count":1,"href":"https:\/\/www.actualidadadiario.com\/index.php\/wp-json\/wp\/v2\/posts\/43812\/revisions"}],"predecessor-version":[{"id":43814,"href":"https:\/\/www.actualidadadiario.com\/index.php\/wp-json\/wp\/v2\/posts\/43812\/revisions\/43814"}],"wp:featuredmedia":[{"embeddable":true,"href":"https:\/\/www.actualidadadiario.com\/index.php\/wp-json\/wp\/v2\/media\/43813"}],"wp:attachment":[{"href":"https:\/\/www.actualidadadiario.com\/index.php\/wp-json\/wp\/v2\/media?parent=43812"}],"wp:term":[{"taxonomy":"category","embeddable":true,"href":"https:\/\/www.actualidadadiario.com\/index.php\/wp-json\/wp\/v2\/categories?post=43812"},{"taxonomy":"post_tag","embeddable":true,"href":"https:\/\/www.actualidadadiario.com\/index.php\/wp-json\/wp\/v2\/tags?post=43812"}],"curies":[{"name":"wp","href":"https:\/\/api.w.org\/{rel}","templated":true}]}}