{"id":43809,"date":"2019-04-22T10:02:59","date_gmt":"2019-04-22T13:02:59","guid":{"rendered":"https:\/\/www.actualidadadiario.com\/?p=43809"},"modified":"2019-05-06T20:52:24","modified_gmt":"2019-05-06T23:52:24","slug":"lopez-obrador-enfrenta-una-crisis-politica-por-su-respuesta-a-la-masacre-del-viernes-santo","status":"publish","type":"post","link":"https:\/\/www.actualidadadiario.com\/index.php\/2019\/04\/22\/lopez-obrador-enfrenta-una-crisis-politica-por-su-respuesta-a-la-masacre-del-viernes-santo\/","title":{"rendered":"L\u00f3pez Obrador enfrenta una crisis pol\u00edtica por su respuesta a la masacre del Viernes Santo"},"content":{"rendered":"\n<p><strong><em>La matanza ocurri\u00f3 en el estado de Veracruz que gobierna su fuerza. El presidente se enoj\u00f3 por las cr\u00edticas<\/em><\/strong><\/p>\n\n\n\n<p><\/p>\n\n\n\n<p><\/p>\n\n\n\n<p>L\u00f3pez Obrador qued\u00f3 atrapado en una seria crisis pol\u00edtica\npor la matanza del Viernes Santo en el estado de Veracruz, que provoc\u00f3 la\nmuerte de catorce personas luego que un comando armado arribara a un sal\u00f3n de\nfiestas ubicado en la ciudad portuaria de Minatitl\u00e1n. En el lugar se\nregistraron 13 decesos, incluido un beb\u00e9 de un a\u00f1o. M\u00e1s tarde, uno de los cuatro\nlesionados perdi\u00f3 la vida.<\/p>\n\n\n\n<p>De acuerdo con el reporte inicial de la Secretar\u00eda de\nSeguridad P\u00fablica de Veracruz, un comando armado arrib\u00f3 al lugar cerca de las\nnueve de la noche preguntando por un hombre apodado &#8220;El Beky&#8221;, due\u00f1o\ndel bar. Cinco mujeres, siete hombres y el menor de edad fueron usados como\n&#8220;escudos humanos&#8221; cuando comenz\u00f3 la balacera, contaron testigos del\nenfrentamiento.<\/p>\n\n\n\n<p>Este s\u00e1bado, tras conocerse a profundidad los detalles de la\ntragedia, la indignaci\u00f3n se dej\u00f3 sentir en las redes sociales, donde los\nusuarios hicieron hincapi\u00e9 en el partido al que pertenecen tanto el alcalde de\nMinatitl\u00e1n como el gobernador de Veracruz: Morena. Se trata de la fuerza\npol\u00edtica creada por L\u00f3pez Obrador. Por lo que en torno a las etiquetas\n#AMLORenuncia y #VeracruzEstadoFallido, se congreg\u00f3 la exigencia por seguridad\ny justicia. <\/p>\n\n\n\n<p>La respuesta del presidente de M\u00e9xico en la misma red\nsocial, lejos de calmar las protestas, la encendi\u00f3 a\u00fan m\u00e1s. Aunque el\npresidente no se refiri\u00f3 directamente al hecho, en la red lo interpretaron as\u00ed.<\/p>\n\n\n\n<p>Luego de ese tuit el presidente permaneci\u00f3 en silencio hasta\neste domingo cuando encabez\u00f3 un acto en el mismo estado de Veracruz y al\nreferirse a la masacre eligi\u00f3 culpar por la misma a la &#8220;cochina herencia&#8221;\nde los gobiernos anteriores.<\/p>\n\n\n\n<p>En su discurso, L\u00f3pez Obrador hizo un repaso hist\u00f3rico de\nlas cuatro gestas heroicas que transitaron los veracruzanos, con invasiones de\nespa\u00f1oles, franceses y estadounidenses. Entonces, record\u00f3 la labor patri\u00f3tica\nde las fuerzas armadas, a quienes aprovech\u00f3 para pedirles ayuda en la actual\ncrisis de seguridad.<\/p>\n\n\n\n<p>&#8220;Ya no tenemos esas agresiones externas&#8221;, dijo el\nPresidente, al justificar que un gran n\u00famero de soldados y marinos pasen a la\nnueva Guardia Nacional, para entonces ocuparse de tareas de seguridad p\u00fablica.\nEn ese marco, hizo una breve referencia a la matanza de Minatitl\u00e1n: &#8220;Vamos\na serenar al pa\u00eds. Duele mucho enterarse de las noticias como estos asesinatos.\nTodo este fruto podrido, todo esto que heredamos de la aplicaci\u00f3n de una\npol\u00edtica econ\u00f3mica anti-popular y entreguista. Lo \u00fanico que les importaba era\nsaquear, robar. El gobierno no estaba hecho para servir al pueblo, sino un\nfacilitador para la corrupci\u00f3n&#8221;.<\/p>\n\n\n\n<p>Y agreg\u00f3: &#8220;Todav\u00eda tenemos que enfrentar esa inercia,\nesa mala herencia, ese fruto podrido, ese cochinero que nos dejaron. Pero vamos\na limpiar al pa\u00eds. Se va a acabar la corrupci\u00f3n, se va a acabar la impunidad,\nva a haber justicia. Me canso, ganso&#8221;.<\/p>\n\n\n\n<p>Como sea, la masacre es parte de una tremenda escalada de\nviolencia que sufre M\u00e9xico y que lejos de atenuarse se agrav\u00f3 desde que L\u00f3pez\nObrador est\u00e1 en el poder, algo que este s\u00e1bado se encargaron de recordarle sus\nantecesores del derechista PAN, Vicente F\u00f3x y Felipe Calder\u00f3n, habitualmente\nse\u00f1alado como el hombre que incendi\u00f3 M\u00e9xico, por haber sido quien inici\u00f3 la\nguerra al narco, que dispar\u00f3 la ultraviolencia.<\/p>\n\n\n\n<p>Es que L\u00f3pez Obrador fue muy cr\u00edtico con la pol\u00edtica de\nseguridad de sus antecesores -incluido Pe\u00f1a Nieto- y durante la campa\u00f1a propuso\nuna amnist\u00eda a capos narcos y la legalizaci\u00f3n casi total de las drogas, pero\ncuando lleg\u00f3 al poder esas ideas quedaron en el camino y se abraz\u00f3 con fuerza a\nlos operativos policiales del Ej\u00e9rcito y la Marina, piedra angular de la guerra\nal narco de Calder\u00f3n que contin\u00fao Pe\u00f1a Nieto. El \u00fanico cambio real hasta ahora\nha sido la disminuci\u00f3n de capturas de capos narco y cierto ret\u00f3rico que declara\nel fin a la guerra al narco. Pero la violencia lejos de bajar subi\u00f3.<\/p>\n\n\n\n<p>En ese sentido, este fin de semana, L\u00f3pez Obrador enfrent\u00f3\notro rev\u00e9s: el Secretariado Ejecutivo de Seguridad Nacional public\u00f3 las cifras\nde homicidios actualizadas al 31 de marzo. Con m\u00e1s de 8,700 asesinatos, se\ntrata del primer trimestre m\u00e1s violento en toda la historia de M\u00e9xico, o al\nmenos desde que se tiene registro de los \u00edndices delictivos. Con respecto a\n2018, hubo un incremento de 8%.<\/p>\n\n\n\n<p>&#8220;&#8216;Sube a 14 cifra de muertos en Minatitl\u00e1n&#8217; &#8216;Hallan\ncuerpo embolsado en Edomex&#8217; &#8216;Asesinan a pintor y su familia en SLP&#8217; El primer\ntrimestre de AMLO ha sido el inicio m\u00e1s violento de los \u00faltimos sexenios Esta\nes la realidad! Mientras, L\u00f3pez atacando, denigrando, MINTIENDO&#8221;, agreg\u00f3\nel expresidente Vicente Fox en Twitter.<\/p>\n\n\n\n<p>Veracruz es en efecto uno de los estados m\u00e1s peligrosos de\nM\u00e9xico con el r\u00e9cord de periodistas asesinados. Durante el gobierno de Pe\u00f1a\nNieto estuvo a cargo de Javier Duarte, que inici\u00f3 su mandato como uno de los\nj\u00f3venes brillantes de la nueva generaci\u00f3n del PRI que rodeaban al ex presidente\ny termin\u00f3 preso y hundido en un estado descontrolado de violencia y corrupci\u00f3n.\nL\u00f3pez Obrador lo tom\u00f3 como ejemplo de todo lo que no funciona en la pol\u00edtica\nmexicana y apoy\u00f3 la candidatura de Cuitl\u00e1huac Garc\u00eda, quien termin\u00f3 ganando, en\nmedio de promesas de barrer con ambas pestes.<\/p>\n\n\n\n<p>El ex presidente Felipe Calder\u00f3n no perdi\u00f3 la oportunidad de\ndevolver gentilezas: &#8220;aclarando: &#8216;el r\u00e9gimen corrupto&#8217;, c\u00f3mo le llama,\nahora son ellos&#8221;.<\/p>\n\n\n\n<p>Ante esta pol\u00e9mica, el secretario de Seguridad, Alfonso\nDurazo, trat\u00f3 de poner pa\u00f1os fr\u00edos: &#8220;En este desaf\u00edo debemos trascender\ndiferencias democr\u00e1ticas leg\u00edtimas e impulsar un espacio para coincidencias sin\nregateos de todos los poderes y niveles de gobierno del Estado mexicano. Tal es\nel enfoque que impulsamos. Toda participaci\u00f3n es bienvenida&#8221;.<\/p>\n\n\n\n<p>&#8220;En el fondo de la violencia est\u00e1 la ruptura, con\nefectos e inercias acumulados por d\u00e9cadas, de nuestro tejido social. La\nestrategia es avanzar hacia su regeneraci\u00f3n y cancelar la corrupci\u00f3n que, desde\nel poder, ha amparado a los grupos criminales y permitido su impunidad&#8221;,\nanaliz\u00f3.<\/p>\n\n\n\n<p>El planteo del secretario de Seguridad de L\u00f3pez Obrador\ntambi\u00e9n fue replicado. &#8220;Pide Durazo &#8216;trascender diferencias democr\u00e1ticas\nleg\u00edtimas&#8217; tras la matanza de Minatitl\u00e1n. AMLO dice: &#8216;La \u00fanica doctrina de los\nconservadores es la hipocres\u00eda'&#8221;,asegur\u00f3 el periodista Sergio Sarmiento. <\/p>\n\n\n\n<p>El acad\u00e9mico Isaac Katz subray\u00f3: &#8220;El r\u00e9gimen corrupto\nal cual se refiere es el mismo que gobierna desde el 1 de diciembre de 2018. La\nmatanza de Minatitl\u00e1n, 19 de abril de 2019, fue &#8216;under your watch&#8217;. Asuman su\nresponsabilidad y dejen de culpar al pasado&#8221;. Mientras que el l\u00edder\nnacional del PRD, Fernando Belaunzar\u00e1n: &#8220;&#8216;Los gobiernos municipal, estatal\ny federal son de Morena, pero la responsabilidad por la tragedia de Minatitl\u00e1n\nes de mis adversarios que callaron como momias&#8217;. #AsiHabloPejetustra&#8221;.<\/p>\n\n\n\n<p>En medio de las reacciones y de que Proceso informara que\nlas camionetas en viajaba el grupo armado aparecieron incendiadas en las\ninmediaciones del Puente Coatzacoalcos 2, trascendi\u00f3 que empresarios y\ndirigentes de distintas organizaciones sindicales de Minatitl\u00e1n realizar\u00e1n una\nmarcha por la paz el pr\u00f3ximo martes 23 de abril a las 17:00 horas.<\/p>\n","protected":false},"excerpt":{"rendered":"<p>La matanza ocurri\u00f3 en el estado de Veracruz que gobierna su fuerza. El presidente se enoj\u00f3 por las cr\u00edticas L\u00f3pez Obrador qued\u00f3 atrapado en una seria crisis pol\u00edtica por la matanza del Viernes Santo en el estado de Veracruz, que provoc\u00f3 la muerte de catorce personas luego que un comando armado arribara a un sal\u00f3n de fiestas ubicado en la ciudad portuaria de Minatitl\u00e1n. En el lugar se registraron 13 decesos, incluido un beb\u00e9 de un a\u00f1o. M\u00e1s tarde, uno de los cuatro lesionados perdi\u00f3 la vida. De acuerdo con&#8230;<\/p>\n","protected":false},"author":3,"featured_media":43810,"comment_status":"closed","ping_status":"closed","sticky":false,"template":"","format":"standard","meta":[],"categories":[4],"tags":[],"_links":{"self":[{"href":"https:\/\/www.actualidadadiario.com\/index.php\/wp-json\/wp\/v2\/posts\/43809"}],"collection":[{"href":"https:\/\/www.actualidadadiario.com\/index.php\/wp-json\/wp\/v2\/posts"}],"about":[{"href":"https:\/\/www.actualidadadiario.com\/index.php\/wp-json\/wp\/v2\/types\/post"}],"author":[{"embeddable":true,"href":"https:\/\/www.actualidadadiario.com\/index.php\/wp-json\/wp\/v2\/users\/3"}],"replies":[{"embeddable":true,"href":"https:\/\/www.actualidadadiario.com\/index.php\/wp-json\/wp\/v2\/comments?post=43809"}],"version-history":[{"count":1,"href":"https:\/\/www.actualidadadiario.com\/index.php\/wp-json\/wp\/v2\/posts\/43809\/revisions"}],"predecessor-version":[{"id":43811,"href":"https:\/\/www.actualidadadiario.com\/index.php\/wp-json\/wp\/v2\/posts\/43809\/revisions\/43811"}],"wp:featuredmedia":[{"embeddable":true,"href":"https:\/\/www.actualidadadiario.com\/index.php\/wp-json\/wp\/v2\/media\/43810"}],"wp:attachment":[{"href":"https:\/\/www.actualidadadiario.com\/index.php\/wp-json\/wp\/v2\/media?parent=43809"}],"wp:term":[{"taxonomy":"category","embeddable":true,"href":"https:\/\/www.actualidadadiario.com\/index.php\/wp-json\/wp\/v2\/categories?post=43809"},{"taxonomy":"post_tag","embeddable":true,"href":"https:\/\/www.actualidadadiario.com\/index.php\/wp-json\/wp\/v2\/tags?post=43809"}],"curies":[{"name":"wp","href":"https:\/\/api.w.org\/{rel}","templated":true}]}}