{"id":4370,"date":"2016-11-11T10:26:29","date_gmt":"2016-11-11T13:26:29","guid":{"rendered":"http:\/\/actualidadadiario.com\/site\/?p=4370"},"modified":"2016-11-11T10:26:29","modified_gmt":"2016-11-11T13:26:29","slug":"se-restringira-el-uso-de-armas-a-policias-denunciados-por-violencia-de-genero","status":"publish","type":"post","link":"https:\/\/www.actualidadadiario.com\/index.php\/2016\/11\/11\/se-restringira-el-uso-de-armas-a-policias-denunciados-por-violencia-de-genero\/","title":{"rendered":"Se restringir\u00e1 el uso de armas a polic\u00edas denunciados por violencia de g\u00e9nero"},"content":{"rendered":"<p><em><strong>El ministro de Gobierno, Mauro Urribarri, dispuso implementar la restricci\u00f3n del uso de armas a polic\u00edas sobre los cuales pesen denuncias por violencia de g\u00e9nero. La determinaci\u00f3n fue tomada tras un encuentro de trabajo con el jefe de la fuerza, Gustavo Maslein, y la jefa de la Divisi\u00f3n Minoridad y Violencia Familiar, Mar\u00eda de los \u00c1ngeles Facciano, en el que tambi\u00e9n hubo otras definiciones<\/strong><\/em><\/p>\n<p>&nbsp;<\/p>\n<p>&nbsp;<\/p>\n<p>&nbsp;<\/p>\n<p>&nbsp;<\/p>\n<p>&nbsp;<\/p>\n<p>&nbsp;<\/p>\n<p>\u201cEn los \u00faltimos a\u00f1os, el Estado entrerriano ha desplegado una serie de acciones tendientes a combatir la violencia de g\u00e9nero. No obstante, ante las tragedias de p\u00fablico conocimiento, el gobernador Gustavo Bordet nos instruy\u00f3 redoblar esfuerzos y explorar todas las l\u00edneas de trabajo posibles para frenar este flagelo\u201d, expres\u00f3 Urribarri al referirse a las medidas tomadas en relaci\u00f3n a la fuerza policial.<\/p>\n<p>&nbsp;<\/p>\n<p>Puntualmente, y en raz\u00f3n de la tasa de denuncias por violencia de g\u00e9nero que pesan sobre miembros de las fuerzas de seguridad, es que Urribarri dispuso instrumentar la restricci\u00f3n del uso de armas para los efectivos que se encuentran en esta situaci\u00f3n. \u201cLa triste realidad que estamos atravesando amerita establecer, desde cada \u00e1rea, criterios y par\u00e1metros espec\u00edficos para prevenir estas manifestaciones de violencia y, en particular, para no habilitar ninguna utilizaci\u00f3n perversa de las herramientas estatales. Es en ese sentido que disponemos esta restricci\u00f3n\u201d, explic\u00f3 el ministro.<\/p>\n<p>&nbsp;<\/p>\n<p>En rigor, la medida, que se plasmar\u00e1 en una resoluci\u00f3n, viene a dar jerarqu\u00eda normativa a una situaci\u00f3n que en gran medida se da de oficio en las dependencias policiales: aquel efectivo sobre el cual pesa una denuncia de esta naturaleza, deja su arma en la dependencia en la que presta servicio cuando no est\u00e1 trabajando. \u201cEn Entre R\u00edos no va a ser el Estado el que aporte un arma que luego utilice un femicida\u201d, asever\u00f3 Urribarri.<\/p>\n<p>&nbsp;<\/p>\n<p>&nbsp;<\/p>\n<p>&nbsp;<\/p>\n<p>&nbsp;<\/p>\n<p>&nbsp;<\/p>\n<p>&nbsp;<\/p>\n<p><strong>Acci\u00f3n y capacitaci\u00f3n <\/strong><\/p>\n<p>\u201cSi bien hay mucho camino recorrido y trabajo realizado, vamos a reforzar y calificar el abordaje de los casos de violencia de g\u00e9nero por parte de la polic\u00eda, en principio ahondando en la discusi\u00f3n de una pol\u00edtica general para el tratamiento de este tema\u201d, continu\u00f3 Urribarri, quien anticip\u00f3 que se profundizar\u00e1 la capacitaci\u00f3n del personal policial en la materia.<\/p>\n<p>&nbsp;<\/p>\n<p>Tambi\u00e9n se inici\u00f3 la planificaci\u00f3n de la disposici\u00f3n de espacios f\u00edsicos exclusivos para la recepci\u00f3n de denuncias por violencia de g\u00e9nero en cada comisar\u00eda. \u201cMuchas de estas cosas ya se vienen haciendo, tanto en las dependencias como en los institutos policiales, pero las vamos a revisar y reforzar. Nunca es mucho cuando se trata de cuidar la vida y erradicar la violencia\u201d, expres\u00f3 el ministro, antes de informar que tambi\u00e9n se modificar\u00e1 el nombre de la Divisi\u00f3n de Minoridad y Violencia Familiar de la fuerza por otra denominaci\u00f3n que incluya a la violencia de g\u00e9nero.<\/p>\n","protected":false},"excerpt":{"rendered":"<p>El ministro de Gobierno, Mauro Urribarri, dispuso implementar la restricci\u00f3n del uso de armas a polic\u00edas sobre los cuales pesen denuncias por violencia de g\u00e9nero. La determinaci\u00f3n fue tomada tras un encuentro de trabajo con el jefe de la fuerza, Gustavo Maslein, y la jefa de la Divisi\u00f3n Minoridad y Violencia Familiar, Mar\u00eda de los \u00c1ngeles Facciano, en el que tambi\u00e9n hubo otras definiciones &nbsp; &nbsp; &nbsp; &nbsp; &nbsp; &nbsp; \u201cEn los \u00faltimos a\u00f1os, el Estado entrerriano ha desplegado una serie de acciones tendientes a combatir la violencia de g\u00e9nero&#8230;.<\/p>\n","protected":false},"author":3,"featured_media":4371,"comment_status":"closed","ping_status":"closed","sticky":false,"template":"","format":"standard","meta":[],"categories":[9],"tags":[],"_links":{"self":[{"href":"https:\/\/www.actualidadadiario.com\/index.php\/wp-json\/wp\/v2\/posts\/4370"}],"collection":[{"href":"https:\/\/www.actualidadadiario.com\/index.php\/wp-json\/wp\/v2\/posts"}],"about":[{"href":"https:\/\/www.actualidadadiario.com\/index.php\/wp-json\/wp\/v2\/types\/post"}],"author":[{"embeddable":true,"href":"https:\/\/www.actualidadadiario.com\/index.php\/wp-json\/wp\/v2\/users\/3"}],"replies":[{"embeddable":true,"href":"https:\/\/www.actualidadadiario.com\/index.php\/wp-json\/wp\/v2\/comments?post=4370"}],"version-history":[{"count":1,"href":"https:\/\/www.actualidadadiario.com\/index.php\/wp-json\/wp\/v2\/posts\/4370\/revisions"}],"predecessor-version":[{"id":4372,"href":"https:\/\/www.actualidadadiario.com\/index.php\/wp-json\/wp\/v2\/posts\/4370\/revisions\/4372"}],"wp:featuredmedia":[{"embeddable":true,"href":"https:\/\/www.actualidadadiario.com\/index.php\/wp-json\/wp\/v2\/media\/4371"}],"wp:attachment":[{"href":"https:\/\/www.actualidadadiario.com\/index.php\/wp-json\/wp\/v2\/media?parent=4370"}],"wp:term":[{"taxonomy":"category","embeddable":true,"href":"https:\/\/www.actualidadadiario.com\/index.php\/wp-json\/wp\/v2\/categories?post=4370"},{"taxonomy":"post_tag","embeddable":true,"href":"https:\/\/www.actualidadadiario.com\/index.php\/wp-json\/wp\/v2\/tags?post=4370"}],"curies":[{"name":"wp","href":"https:\/\/api.w.org\/{rel}","templated":true}]}}