{"id":4367,"date":"2016-11-11T10:25:37","date_gmt":"2016-11-11T13:25:37","guid":{"rendered":"http:\/\/actualidadadiario.com\/site\/?p=4367"},"modified":"2016-11-11T10:25:37","modified_gmt":"2016-11-11T13:25:37","slug":"agenda-de-trabajo-en-comun-con-intendentes-vecinalistas","status":"publish","type":"post","link":"https:\/\/www.actualidadadiario.com\/index.php\/2016\/11\/11\/agenda-de-trabajo-en-comun-con-intendentes-vecinalistas\/","title":{"rendered":"Agenda de trabajo en com\u00fan con intendentes vecinalistas"},"content":{"rendered":"<p><em><strong>El gobernador de la provincia Gustavo Bordet, acompa\u00f1ado por el vicegobernador Ad\u00e1n Humberto Bahl, encabez\u00f3 un encuentro con intendentes vecinalistas de la provincia. Obras p\u00fablicas, presupuesto 2017, coparticipaci\u00f3n a los municipios, viviendas, puertos, salud e infraestructura escolar y deportiva, fueron algunos de los temas sobre los cuales avanzaron. \u201cResulta muy productivo poder tener este espacio peri\u00f3dicamente para poder llevar adelante acciones que redundan en calidad de vida para los vecinos\u201d, destac\u00f3 el mandatario entrerriano<\/strong><\/em><\/p>\n<p>&nbsp;<\/p>\n<p>&nbsp;<\/p>\n<p>&nbsp;<\/p>\n<p>&nbsp;<\/p>\n<p>&nbsp;<\/p>\n<p>&nbsp;<\/p>\n<p>Tras el encuentro, que se desarroll\u00f3 este mi\u00e9rcoles en la Casa Gris y en el que adem\u00e1s estuvieron el ministro de Econom\u00eda, Hugo Ballay; el secretario de Planeamiento, Fernando Richard y la coordinadora General del Ministerio de Salud, Sonia Vel\u00e1zquez; el gobernador explic\u00f3 que &#8220;venimos siguiendo una agenda de trabajo en com\u00fan con los intendentes vecinalistas de Entre R\u00edos, como lo hacemos tambi\u00e9n con el bloque de Cambiemos y como lo hacemos con la Liga de Intendentes Justicialistas\u201d.<\/p>\n<p>&nbsp;<\/p>\n<p>En ese sentido, el mandatario explic\u00f3 que el trabajo que se viene realizando es el de \u201cir interactuando, cumpliendo etapas, con proyectos que se terminan, otros que se ejecutan, otros que se comienzan, y otros que est\u00e1n en ejecuci\u00f3n y la verdad es que resulta muy productivo poder tener este espacio peri\u00f3dicamente para poder llevar adelante acciones que redundan en calidad de vida para los vecinos de los 75 municipios de la provincia, en este caso de los que preside el vecinalismo en nuestra provincia&#8221;.<\/p>\n<p>&nbsp;<\/p>\n<p>Respecto de la relaci\u00f3n con los intendentes del vecinalismo, Bordet asegur\u00f3 que es \u201cexcelente\u201d, y en ese sentido record\u00f3 los a\u00f1os en los que fue intendente de Concordia: \u201cS\u00e9 todos los avatares que tiene que pasar diariamente un intendente, todas las responsabilidades, el c\u00famulo de reclamos de sus vecinos, es el primer eslab\u00f3n de la democracia, entonces poder cooperar, colaborar y tener un mismo sentido de direcci\u00f3n, de objetivos y de metas, hace que podamos entendernos r\u00e1pidamente&#8221;.<\/p>\n<p>&nbsp;<\/p>\n<p>Al referirse a los temas planteados por cada uno de los jefes comunales, indic\u00f3 que son temas que \u201cvenimos siguiendo y cada funcionario est\u00e1 ocup\u00e1ndose, no es que se plantea el reclamo y queda despu\u00e9s para su posterior resoluci\u00f3n sino que se viene haciendo un seguimiento peri\u00f3dico y continuo y en esto exigimos a nuestros funcionarios la celeridad para poder llegar r\u00e1pidamente con la acci\u00f3n que cumpla el reclamo&#8221;.<\/p>\n<p>&nbsp;<\/p>\n<p>&nbsp;<\/p>\n<p>&nbsp;<\/p>\n<p>&nbsp;<\/p>\n<p>&nbsp;<\/p>\n<p>&nbsp;<\/p>\n<p>&nbsp;<\/p>\n<p><strong>Resoluci\u00f3n inmediata <\/strong><\/p>\n<p>El intendente de Oro Verde, Jos\u00e9 Luis Dume, manifest\u00f3 que la reuni\u00f3n fue \u201cmuy valiosa, la verdad que hacemos el gesto del gobernador, del vicegobernador y de los funcionarios que lo acompa\u00f1aron\u201d.<\/p>\n<p>&nbsp;<\/p>\n<p>\u201cPara nosotros era muy importante, porque nos permite plantearle temas inherentes a la gesti\u00f3n de cada uno de los intendentes de los respectivos pueblos directamente al gobernador y por su puesto han tenido resoluci\u00f3n, algunos de forma inmediata\u201d, coment\u00f3 y valor\u00f3 que de este modo \u201cse agilizan ciertos expedientes que nos cuestan movilizarlos de otra forma\u201d.<\/p>\n<p>&nbsp;<\/p>\n<p>Dum\u00e9 cont\u00f3 que durante el encuentro, pudieron conocer la situaci\u00f3n del presupuesto de la provincia que se est\u00e1 tratando y \u201cc\u00f3mo est\u00e1 el tema del cr\u00e9dito que la provincia va a tomar internacionalmente y que un 16 por ciento de esto estar\u00eda destinado a los municipios\u201d.<\/p>\n<p>&nbsp;<\/p>\n<p>Por su parte, el intendente de Urdinarrain, Albero Mornacco, destac\u00f3 que este tipo de encuentros \u201csiempre son positivos. La disposici\u00f3n del gobernador, como del vicegobernador, y de todos los ministros, ha sido importante siempre, para con todos nosotros\u201d.<\/p>\n<p>&nbsp;<\/p>\n<p>Mencion\u00f3 que se analizaron algunos expedientes, lo que permite \u201cproyectar en este pr\u00f3ximo presupuesto y por otro lado terminar algunas obras\u201d.<\/p>\n<p>&nbsp;<\/p>\n<p>Estuvieron presentes los intendentes de Oro Verde, Jos\u00e9 Luis Dum\u00e9; de Villa Libertador San Mart\u00edn, Ra\u00fal Casali; de Santa Ana, Mario Toler; de Valle Mar\u00eda, Arsenio Ortman; de Aranguren, Eduardo Tessore; de Cerrito, Ulises Tomassi; de Urdinarrain, Alberto Mornacco; de Los Charr\u00faas, Ariel Pannozzo Z\u00e9nere; de Caseros, Alejandro Far\u00edas; de Lucas Gonz\u00e1lez, Luis Hanemann; de Pueblo General Belgrano, Mauricio Davico; quienes estuvieron acompa\u00f1ados por el ex intendente vecinalista y actual senador del departamento Col\u00f3n, Pablo Canali.<\/p>\n","protected":false},"excerpt":{"rendered":"<p>El gobernador de la provincia Gustavo Bordet, acompa\u00f1ado por el vicegobernador Ad\u00e1n Humberto Bahl, encabez\u00f3 un encuentro con intendentes vecinalistas de la provincia. Obras p\u00fablicas, presupuesto 2017, coparticipaci\u00f3n a los municipios, viviendas, puertos, salud e infraestructura escolar y deportiva, fueron algunos de los temas sobre los cuales avanzaron. \u201cResulta muy productivo poder tener este espacio peri\u00f3dicamente para poder llevar adelante acciones que redundan en calidad de vida para los vecinos\u201d, destac\u00f3 el mandatario entrerriano &nbsp; &nbsp; &nbsp; &nbsp; &nbsp; &nbsp; Tras el encuentro, que se desarroll\u00f3 este mi\u00e9rcoles en la&#8230;<\/p>\n","protected":false},"author":3,"featured_media":4368,"comment_status":"closed","ping_status":"closed","sticky":false,"template":"","format":"standard","meta":[],"categories":[9],"tags":[],"_links":{"self":[{"href":"https:\/\/www.actualidadadiario.com\/index.php\/wp-json\/wp\/v2\/posts\/4367"}],"collection":[{"href":"https:\/\/www.actualidadadiario.com\/index.php\/wp-json\/wp\/v2\/posts"}],"about":[{"href":"https:\/\/www.actualidadadiario.com\/index.php\/wp-json\/wp\/v2\/types\/post"}],"author":[{"embeddable":true,"href":"https:\/\/www.actualidadadiario.com\/index.php\/wp-json\/wp\/v2\/users\/3"}],"replies":[{"embeddable":true,"href":"https:\/\/www.actualidadadiario.com\/index.php\/wp-json\/wp\/v2\/comments?post=4367"}],"version-history":[{"count":1,"href":"https:\/\/www.actualidadadiario.com\/index.php\/wp-json\/wp\/v2\/posts\/4367\/revisions"}],"predecessor-version":[{"id":4369,"href":"https:\/\/www.actualidadadiario.com\/index.php\/wp-json\/wp\/v2\/posts\/4367\/revisions\/4369"}],"wp:featuredmedia":[{"embeddable":true,"href":"https:\/\/www.actualidadadiario.com\/index.php\/wp-json\/wp\/v2\/media\/4368"}],"wp:attachment":[{"href":"https:\/\/www.actualidadadiario.com\/index.php\/wp-json\/wp\/v2\/media?parent=4367"}],"wp:term":[{"taxonomy":"category","embeddable":true,"href":"https:\/\/www.actualidadadiario.com\/index.php\/wp-json\/wp\/v2\/categories?post=4367"},{"taxonomy":"post_tag","embeddable":true,"href":"https:\/\/www.actualidadadiario.com\/index.php\/wp-json\/wp\/v2\/tags?post=4367"}],"curies":[{"name":"wp","href":"https:\/\/api.w.org\/{rel}","templated":true}]}}