{"id":4289,"date":"2016-11-10T11:34:26","date_gmt":"2016-11-10T14:34:26","guid":{"rendered":"http:\/\/actualidadadiario.com\/site\/?p=4289"},"modified":"2016-11-10T11:34:26","modified_gmt":"2016-11-10T14:34:26","slug":"se-destrabo-el-conflicto-entre-medicos-y-el-iosper","status":"publish","type":"post","link":"https:\/\/www.actualidadadiario.com\/index.php\/2016\/11\/10\/se-destrabo-el-conflicto-entre-medicos-y-el-iosper\/","title":{"rendered":"Se destrab\u00f3 el conflicto entre m\u00e9dicos y el Iosper"},"content":{"rendered":"<p><em><strong>El Instituto de Obra Social de la Provincia de Entre R\u00edos (Iosper) solucion\u00f3 el conflicto suscitado con los ginec\u00f3logos de Gualeguaych\u00fa, enrolados en la Federaci\u00f3n M\u00e9dica de Entre R\u00edos (Femer), quienes hab\u00edan decidido cortar las prestaciones a los afiliados al organismo provincial debido a que los valores arancelarios no se correspond\u00edan con los de la Confederaci\u00f3n M\u00e9dica de la Rep\u00fablica Argentina (Comra)<\/strong><\/em><\/p>\n<p>&nbsp;<\/p>\n<p>&nbsp;<\/p>\n<p>&nbsp;<\/p>\n<p>&nbsp;<\/p>\n<p>&nbsp;<\/p>\n<p>&#8220;Pretend\u00edan que se les pagara el valor referencial de la Comra, pero nuestra obra social no est\u00e1 en condiciones de abonar ese importe&#8221;, afirm\u00f3 el presidente de la obra social, Fernando Ca\u00f1ete.<\/p>\n<p>&nbsp;<\/p>\n<p>En rigor, el conflicto se hab\u00eda suscitado en la \u00faltima semana de octubre, cuando la Femer envi\u00f3 una nota a Iosper, en la que le hizo saber que 15 ginec\u00f3logos de Gualeguaych\u00fa hab\u00edan decidido renunciar a la atenci\u00f3n de los afiliados de la obra social provincial. Ca\u00f1ete aclar\u00f3 que, tras recibir la notificaci\u00f3n, lo que hizo el organismo fue suspender a esos profesionales como prestadores.<\/p>\n<p>&nbsp;<\/p>\n<p>&nbsp;<\/p>\n<p>&nbsp;<\/p>\n<p>&nbsp;<\/p>\n<p>&nbsp;<\/p>\n<p><strong>Postura<\/strong><\/p>\n<p>Al respecto el funcionario precis\u00f3: &#8220;Hab\u00edamos quedado en medio de una situaci\u00f3n que no correspond\u00eda. Conoc\u00edamos s\u00ed que ten\u00edan la pretensi\u00f3n de cobrar una consulta m\u00ednima de 350 pesos, como establece el apartado C de la Comra, algo que en el sistema de salud de Entre R\u00edos es imposible&#8221;.<\/p>\n<p>&nbsp;<\/p>\n<p>Ca\u00f1ete record\u00f3: &#8220;Desde agosto estamos pagando 203 pesos, y a partir de este mes, ese importe se increment\u00f3 en un 3%&#8221;.<\/p>\n","protected":false},"excerpt":{"rendered":"<p>El Instituto de Obra Social de la Provincia de Entre R\u00edos (Iosper) solucion\u00f3 el conflicto suscitado con los ginec\u00f3logos de Gualeguaych\u00fa, enrolados en la Federaci\u00f3n M\u00e9dica de Entre R\u00edos (Femer), quienes hab\u00edan decidido cortar las prestaciones a los afiliados al organismo provincial debido a que los valores arancelarios no se correspond\u00edan con los de la Confederaci\u00f3n M\u00e9dica de la Rep\u00fablica Argentina (Comra) &nbsp; &nbsp; &nbsp; &nbsp; &nbsp; &#8220;Pretend\u00edan que se les pagara el valor referencial de la Comra, pero nuestra obra social no est\u00e1 en condiciones de abonar ese importe&#8221;,&#8230;<\/p>\n","protected":false},"author":3,"featured_media":4290,"comment_status":"closed","ping_status":"closed","sticky":false,"template":"","format":"standard","meta":[],"categories":[15],"tags":[],"_links":{"self":[{"href":"https:\/\/www.actualidadadiario.com\/index.php\/wp-json\/wp\/v2\/posts\/4289"}],"collection":[{"href":"https:\/\/www.actualidadadiario.com\/index.php\/wp-json\/wp\/v2\/posts"}],"about":[{"href":"https:\/\/www.actualidadadiario.com\/index.php\/wp-json\/wp\/v2\/types\/post"}],"author":[{"embeddable":true,"href":"https:\/\/www.actualidadadiario.com\/index.php\/wp-json\/wp\/v2\/users\/3"}],"replies":[{"embeddable":true,"href":"https:\/\/www.actualidadadiario.com\/index.php\/wp-json\/wp\/v2\/comments?post=4289"}],"version-history":[{"count":1,"href":"https:\/\/www.actualidadadiario.com\/index.php\/wp-json\/wp\/v2\/posts\/4289\/revisions"}],"predecessor-version":[{"id":4291,"href":"https:\/\/www.actualidadadiario.com\/index.php\/wp-json\/wp\/v2\/posts\/4289\/revisions\/4291"}],"wp:featuredmedia":[{"embeddable":true,"href":"https:\/\/www.actualidadadiario.com\/index.php\/wp-json\/wp\/v2\/media\/4290"}],"wp:attachment":[{"href":"https:\/\/www.actualidadadiario.com\/index.php\/wp-json\/wp\/v2\/media?parent=4289"}],"wp:term":[{"taxonomy":"category","embeddable":true,"href":"https:\/\/www.actualidadadiario.com\/index.php\/wp-json\/wp\/v2\/categories?post=4289"},{"taxonomy":"post_tag","embeddable":true,"href":"https:\/\/www.actualidadadiario.com\/index.php\/wp-json\/wp\/v2\/tags?post=4289"}],"curies":[{"name":"wp","href":"https:\/\/api.w.org\/{rel}","templated":true}]}}