{"id":4280,"date":"2016-11-10T11:32:02","date_gmt":"2016-11-10T14:32:02","guid":{"rendered":"http:\/\/actualidadadiario.com\/site\/?p=4280"},"modified":"2016-11-10T11:32:02","modified_gmt":"2016-11-10T14:32:02","slug":"el-gobierno-trabaja-la-obra-publica-del-presupuesto-2017-junto-a-los-legisladores","status":"publish","type":"post","link":"https:\/\/www.actualidadadiario.com\/index.php\/2016\/11\/10\/el-gobierno-trabaja-la-obra-publica-del-presupuesto-2017-junto-a-los-legisladores\/","title":{"rendered":"El gobierno trabaja la obra p\u00fablica del presupuesto 2017 junto a los legisladores"},"content":{"rendered":"<p><em><strong>Con el objetivo de presentar y compartir la metodolog\u00eda establecida para la elaboraci\u00f3n del presupuesto de obras para 2017, el ministro de Planeamiento, Infraestructura y Servicios, Luis Benedetto, se reuni\u00f3 con los senadores provinciales de los bloque del Frente Para la Victoria y Cambiemos. \u201cEste encuentro se enmarca en la forma de trabajar que nuestro gobernador, Gustavo Bordet, le ha dado a su gesti\u00f3n de gobierno desde el primer d\u00eda\u201d, destac\u00f3<\/strong><\/em><\/p>\n<p>&nbsp;<\/p>\n<p>&nbsp;<\/p>\n<p>&nbsp;<\/p>\n<p>&nbsp;<\/p>\n<p>&nbsp;<\/p>\n<p>El encuentro estuvo encabezado por el ministro Luis Benedetto, acompa\u00f1ado por el secretario de Planeamiento, Marcelo Richard, y la directora General de Presupuesto, Ingrid Antilaf. En ese marco, el titular de la cartera de Planeamiento remarc\u00f3 que \u201cel presupuesto contiene los objetivos que ha establecido el gobernador Bordet en su gesti\u00f3n, darle prioridad al \u00e1rea de educaci\u00f3n, al \u00e1rea de salud, y tambi\u00e9n en las \u00e1reas de servicios, d\u00e1ndole una impronta a lo que es agua y saneamiento\u201d.<\/p>\n<p>&nbsp;<\/p>\n<p>Benedetto indic\u00f3 que \u201cse explic\u00f3 cada sector por si, con las elecciones correspondientes\u201d, y destac\u00f3 que se trabaj\u00f3 tambi\u00e9n \u201clos temas de los financiamientos que la provincia ha tomado, y puede tomar que, junto con los fondos del Tesoro Provincial y del Fondo Federal Solidario, se program\u00f3 y dise\u00f1o el presupuesto 2017 en lo que es obras\u201d.<\/p>\n<p>&nbsp;<\/p>\n<p>Otro de los temas relevantes desarrollados durante el encuentro tuvo que ver con que \u201cdesde la direcci\u00f3n General de planificaci\u00f3n, dependiente de este ministerio, se realiz\u00f3 por primera vez un trabajo previo, en el cual se toma como base para la realizaci\u00f3n del presupuesto, un an\u00e1lisis de cada una de las \u00e1reas del gobierno provincial, inclusive interministerial, para saber las necesidades y eso permiti\u00f3 establecer una ponderaci\u00f3n y priorizaci\u00f3n de obras\u201d, explic\u00f3 Benedetto.<\/p>\n<p>&nbsp;<\/p>\n<p>En ese sentido, el funcionario provincial, marc\u00f3 \u201cla importancia del proceso\u201d e indic\u00f3 que \u201cesto signific\u00f3 adem\u00e1s la posibilidad de explicar el fundamento de la ponderaci\u00f3n, y, si durante la evaluaci\u00f3n se ten\u00edan alguna sugerencia para hacer alg\u00fan cambio, fue insumo de trabajo y desarrollo de las obras presentes en el presupuesto\u201d.<\/p>\n<p>&nbsp;<\/p>\n<p>Del encuentro participaron, por el bloque del Frente para la Victoria, Nancy Miranda; \u00c1ngel Giano; Lucas Larrarte; Mario Torres; Rene Bonato y Daniel Olano; y por el bloque de senadores de Cambiemos, Raymundo Kisser; Miguel Piana; Rogelio Schild; Roque Ferrari; Beltran Lora y Francisco Morchio.<\/p>\n","protected":false},"excerpt":{"rendered":"<p>Con el objetivo de presentar y compartir la metodolog\u00eda establecida para la elaboraci\u00f3n del presupuesto de obras para 2017, el ministro de Planeamiento, Infraestructura y Servicios, Luis Benedetto, se reuni\u00f3 con los senadores provinciales de los bloque del Frente Para la Victoria y Cambiemos. \u201cEste encuentro se enmarca en la forma de trabajar que nuestro gobernador, Gustavo Bordet, le ha dado a su gesti\u00f3n de gobierno desde el primer d\u00eda\u201d, destac\u00f3 &nbsp; &nbsp; &nbsp; &nbsp; &nbsp; El encuentro estuvo encabezado por el ministro Luis Benedetto, acompa\u00f1ado por el secretario de&#8230;<\/p>\n","protected":false},"author":3,"featured_media":4281,"comment_status":"closed","ping_status":"closed","sticky":false,"template":"","format":"standard","meta":[],"categories":[15],"tags":[],"_links":{"self":[{"href":"https:\/\/www.actualidadadiario.com\/index.php\/wp-json\/wp\/v2\/posts\/4280"}],"collection":[{"href":"https:\/\/www.actualidadadiario.com\/index.php\/wp-json\/wp\/v2\/posts"}],"about":[{"href":"https:\/\/www.actualidadadiario.com\/index.php\/wp-json\/wp\/v2\/types\/post"}],"author":[{"embeddable":true,"href":"https:\/\/www.actualidadadiario.com\/index.php\/wp-json\/wp\/v2\/users\/3"}],"replies":[{"embeddable":true,"href":"https:\/\/www.actualidadadiario.com\/index.php\/wp-json\/wp\/v2\/comments?post=4280"}],"version-history":[{"count":1,"href":"https:\/\/www.actualidadadiario.com\/index.php\/wp-json\/wp\/v2\/posts\/4280\/revisions"}],"predecessor-version":[{"id":4282,"href":"https:\/\/www.actualidadadiario.com\/index.php\/wp-json\/wp\/v2\/posts\/4280\/revisions\/4282"}],"wp:featuredmedia":[{"embeddable":true,"href":"https:\/\/www.actualidadadiario.com\/index.php\/wp-json\/wp\/v2\/media\/4281"}],"wp:attachment":[{"href":"https:\/\/www.actualidadadiario.com\/index.php\/wp-json\/wp\/v2\/media?parent=4280"}],"wp:term":[{"taxonomy":"category","embeddable":true,"href":"https:\/\/www.actualidadadiario.com\/index.php\/wp-json\/wp\/v2\/categories?post=4280"},{"taxonomy":"post_tag","embeddable":true,"href":"https:\/\/www.actualidadadiario.com\/index.php\/wp-json\/wp\/v2\/tags?post=4280"}],"curies":[{"name":"wp","href":"https:\/\/api.w.org\/{rel}","templated":true}]}}