{"id":4277,"date":"2016-11-10T11:31:15","date_gmt":"2016-11-10T14:31:15","guid":{"rendered":"http:\/\/actualidadadiario.com\/site\/?p=4277"},"modified":"2016-11-10T11:31:15","modified_gmt":"2016-11-10T14:31:15","slug":"este-jueves-se-inicia-el-cronograma-de-pagos-de-becas-provinciales","status":"publish","type":"post","link":"https:\/\/www.actualidadadiario.com\/index.php\/2016\/11\/10\/este-jueves-se-inicia-el-cronograma-de-pagos-de-becas-provinciales\/","title":{"rendered":"Este jueves se inicia el cronograma de pagos de becas provinciales"},"content":{"rendered":"<p><em><strong>Se iniciar\u00e1 este jueves el cronograma de pagos de becas provinciales, correspondiente al mes de noviembre. Los estudiantes y titulares de cobro deber\u00e1n asistir a la sucursal bancaria con su DNI. Se trata del octavo y \u00faltimo pago del corriente ciclo lectivo<\/strong><\/em><\/p>\n<p>&nbsp;<\/p>\n<p>&nbsp;<\/p>\n<p>&nbsp;<\/p>\n<p>&nbsp;<\/p>\n<p>El gobierno de Entre R\u00edos, a trav\u00e9s del Instituto Aut\u00e1rquico Becario Provincial, anunci\u00f3 el octavo y \u00faltimo cronograma de pagos del ciclo lectivo 2016.<\/p>\n<p>&nbsp;<\/p>\n<p>Como ya es habitual, los alumnos y titulares de cobro, en caso de que el estudiante sea menor de edad, deber\u00e1n acudir a la sucursal bancaria asignada dependiendo de la finalizaci\u00f3n de su DNI. El horario de cobro es de 8 a 13, salvo en Concordia, Paran\u00e1 y Gualeguaych\u00fa que el agente financiero realiza el pago por ventanilla de 13.30 a 15.30.<\/p>\n<p>&nbsp;<\/p>\n<p>En Becas, la inversi\u00f3n anual asciende a 103 millones de pesos. Cabe mencionar que un 40 por ciento surge de la contribuci\u00f3n de los profesionales entrerrianos a trav\u00e9s del Impuesto al Ejercicio de las Profesiones Liberales, mientras que el restante 60 por ciento lo cubre el Estado provincial.<\/p>\n<p>&nbsp;<\/p>\n<p>&nbsp;<\/p>\n<p>&nbsp;<\/p>\n<p>&nbsp;<\/p>\n<p>&nbsp;<\/p>\n<p><strong>\u00daltimo cronograma <\/strong><\/p>\n<p><strong>DNI Fecha <\/strong><\/p>\n<p>0: 10\/11<\/p>\n<p>1: 11\/11<\/p>\n<p>2: 14\/11<\/p>\n<p>3: 15\/11<\/p>\n<p>4: 16\/11<\/p>\n<p>5: 17\/11<\/p>\n<p>6: 18\/11<\/p>\n<p>7: 21\/11<\/p>\n<p>8: 22\/11<\/p>\n<p>9: 23\/11<\/p>\n<p>&nbsp;<\/p>\n<p>&nbsp;<\/p>\n<p>&nbsp;<\/p>\n<p>&nbsp;<\/p>\n<p>&nbsp;<\/p>\n<p>&nbsp;<\/p>\n<p><strong>Distribuci\u00f3n y festejos en Concordia <\/strong><\/p>\n<p>Este jueves, de 14 a 17, el Instituto Becario continuar\u00e1 con la distribuci\u00f3n de solicitudes de becas nuevas 2017. El equipo dispondr\u00e1 de un stand informativo dentro Centro Integrador Comunitario V\u00edctor Opel, donde en simult\u00e1neo se realizar\u00e1 la fiesta de todos los Educando en Movimiento de la localidad.<\/p>\n<p>&nbsp;<\/p>\n<p>M\u00e1s de 1000 chicos participar\u00e1n de la actividad, que da cierre a un a\u00f1o de intenso trabajo para fomentar, con Apoyo Escolar y Escuelita Deportiva, el estudio y la actividad f\u00edsica desde temprana edad.<\/p>\n<p>&nbsp;<\/p>\n<p>Colaboran permanentemente con el programa del Instituto el municipio de Concordia y la Fundaci\u00f3n Conased. Su aporte resulta fundamental para el desarrollo del Educando en Movimiento en m\u00e1s de 30 barrios.<\/p>\n","protected":false},"excerpt":{"rendered":"<p>Se iniciar\u00e1 este jueves el cronograma de pagos de becas provinciales, correspondiente al mes de noviembre. Los estudiantes y titulares de cobro deber\u00e1n asistir a la sucursal bancaria con su DNI. Se trata del octavo y \u00faltimo pago del corriente ciclo lectivo &nbsp; &nbsp; &nbsp; &nbsp; El gobierno de Entre R\u00edos, a trav\u00e9s del Instituto Aut\u00e1rquico Becario Provincial, anunci\u00f3 el octavo y \u00faltimo cronograma de pagos del ciclo lectivo 2016. &nbsp; Como ya es habitual, los alumnos y titulares de cobro, en caso de que el estudiante sea menor de&#8230;<\/p>\n","protected":false},"author":3,"featured_media":4278,"comment_status":"closed","ping_status":"closed","sticky":false,"template":"","format":"standard","meta":[],"categories":[15],"tags":[],"_links":{"self":[{"href":"https:\/\/www.actualidadadiario.com\/index.php\/wp-json\/wp\/v2\/posts\/4277"}],"collection":[{"href":"https:\/\/www.actualidadadiario.com\/index.php\/wp-json\/wp\/v2\/posts"}],"about":[{"href":"https:\/\/www.actualidadadiario.com\/index.php\/wp-json\/wp\/v2\/types\/post"}],"author":[{"embeddable":true,"href":"https:\/\/www.actualidadadiario.com\/index.php\/wp-json\/wp\/v2\/users\/3"}],"replies":[{"embeddable":true,"href":"https:\/\/www.actualidadadiario.com\/index.php\/wp-json\/wp\/v2\/comments?post=4277"}],"version-history":[{"count":1,"href":"https:\/\/www.actualidadadiario.com\/index.php\/wp-json\/wp\/v2\/posts\/4277\/revisions"}],"predecessor-version":[{"id":4279,"href":"https:\/\/www.actualidadadiario.com\/index.php\/wp-json\/wp\/v2\/posts\/4277\/revisions\/4279"}],"wp:featuredmedia":[{"embeddable":true,"href":"https:\/\/www.actualidadadiario.com\/index.php\/wp-json\/wp\/v2\/media\/4278"}],"wp:attachment":[{"href":"https:\/\/www.actualidadadiario.com\/index.php\/wp-json\/wp\/v2\/media?parent=4277"}],"wp:term":[{"taxonomy":"category","embeddable":true,"href":"https:\/\/www.actualidadadiario.com\/index.php\/wp-json\/wp\/v2\/categories?post=4277"},{"taxonomy":"post_tag","embeddable":true,"href":"https:\/\/www.actualidadadiario.com\/index.php\/wp-json\/wp\/v2\/tags?post=4277"}],"curies":[{"name":"wp","href":"https:\/\/api.w.org\/{rel}","templated":true}]}}