{"id":4274,"date":"2016-11-10T11:30:19","date_gmt":"2016-11-10T14:30:19","guid":{"rendered":"http:\/\/actualidadadiario.com\/site\/?p=4274"},"modified":"2016-11-10T11:30:19","modified_gmt":"2016-11-10T14:30:19","slug":"el-gobierno-provincial-genera-espacios-para-promover-el-trabajo-de-personas-con-discapacidad","status":"publish","type":"post","link":"https:\/\/www.actualidadadiario.com\/index.php\/2016\/11\/10\/el-gobierno-provincial-genera-espacios-para-promover-el-trabajo-de-personas-con-discapacidad\/","title":{"rendered":"El gobierno provincial genera espacios para promover el trabajo de personas con discapacidad"},"content":{"rendered":"<p><em><strong>Generar trabajo como forma de inclusi\u00f3n es un objetivo del gobierno provincial y en ese marco se realiz\u00f3 este mi\u00e9rcoles en Plaza Mansilla una feria inclusiva, donde se presentaron 70 stands, muchos de ellos de personas con discapacidad que pudieron exponer sus productos. \u201cPoder conocer nos sensibiliza y nos compromete a seguir trabajando en estas cuestiones de apertura, que son sumamente necesarias para vivir en ciudades m\u00e1s integradas, pero tambi\u00e9n m\u00e1s equitativas, con m\u00e1s igualdad de derechos, con m\u00e1s oportunidades\u201d, dijo el gobernador Gustavo Bordet, tras recorrer los stands y tomar contacto con los emprendedores<\/strong><\/em><\/p>\n<p>&nbsp;<\/p>\n<p>&nbsp;<\/p>\n<p>&nbsp;<\/p>\n<p>&nbsp;<\/p>\n<p>&nbsp;<\/p>\n<p>La plaza Mansilla se convirti\u00f3 en un espacio para que 70 feriantes pudieran exponer y vender sus productos al p\u00fablico en lo que fue la primera edici\u00f3n de \u201cEl desaf\u00edo de emprender\u201d, promovida por el Instituto Provincial de Discapacidad (Iprodi). Hasta all\u00ed se acerc\u00f3 el primer mandatario entrerriano, junto a su esposa, Mariel \u00c1vila, y escuch\u00f3 las experiencias de los emprendedores, muchos de ellos con discapacidad, como por ejemplo de alumnos de la escuela Zulema Embon que crearon un centro de estudiantes y tienen una radio que hoy se instal\u00f3 en la feria. \u201cAc\u00e1 la estamos pas\u00e1ndola muy bien. Est\u00e1 todo excelente\u201d, le transmiti\u00f3 uno de ellos.<\/p>\n<p>&nbsp;<\/p>\n<p>Por su parte, Bordet destac\u00f3 que \u201ces muy importante mostrar a la comunidad como se trabaja en integraci\u00f3n. C\u00f3mo se trabaja todos los d\u00edas del a\u00f1o, y mucho y bien como se realizan las cosas con distintos proyectos a lo largo y a lo ancho de toda la provincia\u201d.<\/p>\n<p>&nbsp;<\/p>\n<p>\u201cTener la posibilidad de que distintas instituciones hoy est\u00e9n aqu\u00ed en la plaza Mansilla exponi\u00e9ndolos, poder interactuar, poder conocer, por un lado nos sensibiliza, y por otro lado nos obliga y nos compromete a seguir trabajando en estas cuestiones de apertura, que son sumamente necesarias para vivir en ciudades m\u00e1s integradas, pero tambi\u00e9n m\u00e1s equitativas, con m\u00e1s igualdad de derechos, con m\u00e1s oportunidades\u201d, dijo el titular del Poder Ejecutivo entrerriano que en la ocasi\u00f3n tambi\u00e9n concedi\u00f3 un reportaje a la radio de la asociaci\u00f3n civil Barriletes, que trabaja en la promoci\u00f3n socio-laboral y socio-cultural-educativa de j\u00f3venes y adultos con derechos vulnerados<\/p>\n<p>&nbsp;<\/p>\n<p>Finalmente, el gobernador, que estuvo acompa\u00f1ado tambi\u00e9n por la ministra de Desarrolla Social, Laura Stratta; el presidente del CGE, Jos\u00e9 Luis Panozzo, y la titular del Instituto Nacional contra la Discriminaci\u00f3n, la Xenofobia y el Racismo en Entre Rios (Inadi), Silvia Campos, sostuvo que \u201cresulta muy gratificante poder estar mano a mano con los chicos que trabajan, con los docentes. Es una gran alegr\u00eda compartir con ellos\u201d.<\/p>\n<p>&nbsp;<\/p>\n<p>&nbsp;<\/p>\n<p>&nbsp;<\/p>\n<p>&nbsp;<\/p>\n<p>&nbsp;<\/p>\n<p><strong>Un espacio para la integraci\u00f3n <\/strong><\/p>\n<p>A su turno, quien est\u00e1 a cargo del Iprodi, Cristina Ponce, coment\u00f3 que \u201cnuestra idea fue crear un espacio donde se pudieran presentar emprendimientos y microemprendimientos encarados por personas con y sin discapacidad para empezar a conocernos y a pensar qu\u00e9 cosas se pueden hacer en com\u00fan. Uno puede tener el producto, otro encargarse del packaging y otros ocuparse de la comercializaci\u00f3n\u201d.<\/p>\n<p>&nbsp;<\/p>\n<p>\u201cConsideramos que esta plaza, que estamos estrenando, era el lugar justo para esta primer feria inclusiva que es una gran vidriera porque pasa much\u00edsima gente\u201d, dijo la funcionaria y agreg\u00f3 que el organismo a su cargo &#8220;tiene un objetivo, que nos ha planteado el gobernador Gustavo Bordet, y que es apuntar al trabajo como forma de inclusi\u00f3n para que las personas con discapacidad puedan ir logrando su autonom\u00eda econ\u00f3mica que es muy importante y para ello como Estado debemos darle un soporte&#8221;.<\/p>\n<p>&nbsp;<\/p>\n<p>&nbsp;<\/p>\n<p>&nbsp;<\/p>\n<p>&nbsp;<\/p>\n<p>&nbsp;<\/p>\n<p><strong>Los participantes <\/strong><\/p>\n<p>Mundo joven es una instituci\u00f3n privada que particip\u00f3 en la feria, ofreciendo distintos productos, como agendas, velas y porta macetas, entre otros, confeccionados por j\u00f3venes con discapacidad. Gonzalo, uno de los asistentes al taller, dijo estar feliz de participar porque &#8220;todo es lindo. Nos gusta ver gente que venga y nos compre lo que hacemos&#8221;.<\/p>\n<p>&nbsp;<\/p>\n<p>Una terapista ocupacional de la instituci\u00f3n, Luciana Arrieta, coment\u00f3 que Mundo Joven es un centro de aprestamiento y formaci\u00f3n laboral para personas con discapacidad. &#8220;Preparamos a los chicos para que logren una inserci\u00f3n laboral a trav\u00e9s de distintos talleres como vivero y huerta, producci\u00f3n artesanal con distintos materiales y herramientas, y computaci\u00f3n donde se trabaja sobre etiquetas y logo&#8221;.<\/p>\n<p>&nbsp;<\/p>\n<p>&#8220;Esta feria me parece super beneficiosa para los chicos, que ellos puedan participar, encontrarse con pares que trabajan en cosas similares, conocer otros emprendimientos que les pueden dar nuevos ideas u horizontes, adem\u00e1s de ser un espacio para poder contar a la gente qu\u00e9 es lo que hacen. Para ellos es super importante&#8221;, acot\u00f3.<\/p>\n<p>&nbsp;<\/p>\n<p>Alumnos de la escuela integral N\u00ba 3 Carolina Tobar Garc\u00eda, de Paran\u00e1, tambi\u00e9n participaron en la feria. Ram\u00f3n, Lautaro y Eric asisten al taller de panader\u00eda y este mi\u00e9rcoles ofrecieron sus productos en la feria. &#8220;Est\u00e1 bueno participar ac\u00e1 porque hay mucha gente y podemos vender las pizzetas, fugazzetas y budines que hacemos&#8221;, opin\u00f3 Ram\u00f3n, quien al igual que sus compa\u00f1eros dijeron estar felices porque vendieron mucho.<\/p>\n<p>&nbsp;<\/p>\n<p>&#8220;Brindamos capacitaci\u00f3n laboral a trav\u00e9s de un taller de auxiliar de panader\u00eda&#8221;, cont\u00f3 la docente de la instituci\u00f3n, Adriana C\u00e9sar, y agreg\u00f3 que actualmente son 10 los asistentes a esa instancia de formaci\u00f3n laboral que se dicta de lunes a viernes de 8 a 12.<\/p>\n<p>&nbsp;<\/p>\n<p>Luego coment\u00f3 que &#8220;los chicos est\u00e1n haciendo ventas para solventar el taller&#8221;. &#8220;Venden a precio de costo para volver a comprar los insumos y continuar con el trabajo vinculado a la elaboraci\u00f3n de productos con masa salada con levadura, como pizzetas, cremonas, fugazzas y pan casero, con masa dulce con levadura, como pan dulce, bud\u00edn y rocas, y masas secas como alfajores de maicena o pastafrolas, entre otros productos&#8221;.<\/p>\n<p>&nbsp;<\/p>\n<p>Tambi\u00e9n colaboraron en la organizaci\u00f3n de esta feria los Ministerios de la Producci\u00f3n y de Desarrollo Social de Entre R\u00edos, la Facultad de Ciencias Econ\u00f3micas de la Universidad Nacional de Entre R\u00edos (UNER), la Direcci\u00f3n de Educaci\u00f3n Especial del Consejo General de Educaci\u00f3n, el Servicio Penitenciario de Entre R\u00edos, el Instituto de Control de Alimentaci\u00f3n y Bromatolog\u00eda (ICAB), la Secretar\u00eda de Relaciones Institucionales de la Municipalidad de Paran\u00e1, el Ministerio de Trabajo, Empleo y Seguridad Social de la Naci\u00f3n, el Hospital Escuela de Salud Mental, el Inadi y la Secretar\u00eda de Ni\u00f1ez, Familia y Discapacidad de Entre R\u00edos.<\/p>\n","protected":false},"excerpt":{"rendered":"<p>Generar trabajo como forma de inclusi\u00f3n es un objetivo del gobierno provincial y en ese marco se realiz\u00f3 este mi\u00e9rcoles en Plaza Mansilla una feria inclusiva, donde se presentaron 70 stands, muchos de ellos de personas con discapacidad que pudieron exponer sus productos. \u201cPoder conocer nos sensibiliza y nos compromete a seguir trabajando en estas cuestiones de apertura, que son sumamente necesarias para vivir en ciudades m\u00e1s integradas, pero tambi\u00e9n m\u00e1s equitativas, con m\u00e1s igualdad de derechos, con m\u00e1s oportunidades\u201d, dijo el gobernador Gustavo Bordet, tras recorrer los stands y&#8230;<\/p>\n","protected":false},"author":3,"featured_media":4275,"comment_status":"closed","ping_status":"closed","sticky":false,"template":"","format":"standard","meta":[],"categories":[9],"tags":[],"_links":{"self":[{"href":"https:\/\/www.actualidadadiario.com\/index.php\/wp-json\/wp\/v2\/posts\/4274"}],"collection":[{"href":"https:\/\/www.actualidadadiario.com\/index.php\/wp-json\/wp\/v2\/posts"}],"about":[{"href":"https:\/\/www.actualidadadiario.com\/index.php\/wp-json\/wp\/v2\/types\/post"}],"author":[{"embeddable":true,"href":"https:\/\/www.actualidadadiario.com\/index.php\/wp-json\/wp\/v2\/users\/3"}],"replies":[{"embeddable":true,"href":"https:\/\/www.actualidadadiario.com\/index.php\/wp-json\/wp\/v2\/comments?post=4274"}],"version-history":[{"count":1,"href":"https:\/\/www.actualidadadiario.com\/index.php\/wp-json\/wp\/v2\/posts\/4274\/revisions"}],"predecessor-version":[{"id":4276,"href":"https:\/\/www.actualidadadiario.com\/index.php\/wp-json\/wp\/v2\/posts\/4274\/revisions\/4276"}],"wp:featuredmedia":[{"embeddable":true,"href":"https:\/\/www.actualidadadiario.com\/index.php\/wp-json\/wp\/v2\/media\/4275"}],"wp:attachment":[{"href":"https:\/\/www.actualidadadiario.com\/index.php\/wp-json\/wp\/v2\/media?parent=4274"}],"wp:term":[{"taxonomy":"category","embeddable":true,"href":"https:\/\/www.actualidadadiario.com\/index.php\/wp-json\/wp\/v2\/categories?post=4274"},{"taxonomy":"post_tag","embeddable":true,"href":"https:\/\/www.actualidadadiario.com\/index.php\/wp-json\/wp\/v2\/tags?post=4274"}],"curies":[{"name":"wp","href":"https:\/\/api.w.org\/{rel}","templated":true}]}}