{"id":4271,"date":"2016-11-10T11:29:05","date_gmt":"2016-11-10T14:29:05","guid":{"rendered":"http:\/\/actualidadadiario.com\/site\/?p=4271"},"modified":"2016-11-10T11:29:05","modified_gmt":"2016-11-10T14:29:05","slug":"la-curricula-escolar-incorporara-la-formacion-en-derechos-del-consumidor","status":"publish","type":"post","link":"https:\/\/www.actualidadadiario.com\/index.php\/2016\/11\/10\/la-curricula-escolar-incorporara-la-formacion-en-derechos-del-consumidor\/","title":{"rendered":"La curr\u00edcula escolar incorporar\u00e1 la formaci\u00f3n en Derechos del Consumidor"},"content":{"rendered":"<p><em><strong>El gobierno suscribi\u00f3 un convenio marco con la Direcci\u00f3n Nacional de Defensa al Consumidor por el cual se acord\u00f3 llevar adelante acciones conjuntas para fomentar en los educadores, sus alumnos, las familias y la comunidad educativa en su conjunto, acciones orientadas a la promoci\u00f3n y difusi\u00f3n de los Derechos del Consumidor y de la Educaci\u00f3n para el Consumo, incorpor\u00e1ndolos en el sistema educativo de Entre R\u00edos<\/strong><\/em><\/p>\n<p>&nbsp;<\/p>\n<p>&nbsp;<\/p>\n<p>&nbsp;<\/p>\n<p>&nbsp;<\/p>\n<p>&nbsp;<\/p>\n<p>Participaron de la firma del convenio, el director nacional de Defensa del Consumidor, Fernando Blanco Mui\u00f1o; el secretario de Comercio de la provincia, N\u00e9stor Loggio; el presidente del Consejo General de Educaci\u00f3n (CGE), Jos\u00e9 Luis Panozzo; y el director general de Defensa del Consumidor y Lealtad Comercial, Juan Carlos Albornoz.<\/p>\n<p>&nbsp;<\/p>\n<p>El convenio establece la realizaci\u00f3n de cursos de formaci\u00f3n docente, los cuales tienen por objeto capacitar a los educandos en la materia espec\u00edfica de la protecci\u00f3n de los derechos de los consumidores, lo que redundar\u00e1 en el conocimiento y la inclusi\u00f3n de la tem\u00e1tica en los programas de estudio en todas las escuelas de la provincia.<\/p>\n<p>&nbsp;<\/p>\n<p>Adem\u00e1s, se propone fomentar la reflexi\u00f3n sobre las implicancias sociales del consumo y el rol del consumidor en la construcci\u00f3n del consumo responsable y en el ejercicio de derechos ciudadanos.<\/p>\n<p>&nbsp;<\/p>\n<p>En el acto, que tuvo lugar en dependencias del CGE, Blanco Mui\u00f1o destac\u00f3 que \u201cel organismo nacional es el encargado de ejecutar y de controlar las pol\u00edticas relacionadas con la defensa del consumidor en el plano federal y, dentro de sus facultades y atribuciones, cuenta con la de impulsar la educaci\u00f3n al consumidor a trav\u00e9s de diversas acciones de formaci\u00f3n, con el fin de que los consumidores conozcan sus derechos, se comprometan con su ejercicio y asuman sus responsabilidades en relaci\u00f3n con un consumo informado y socialmente sustentable\u201d.<\/p>\n<p>&nbsp;<\/p>\n<p>Remarc\u00f3, asimismo, que \u201ceste trabajo viene realiz\u00e1ndose en todo el pa\u00eds, por lo que tenemos que agradecer la predisposici\u00f3n de todos los organismos de Comercio, Producci\u00f3n y Educaci\u00f3n de las provincias, que muy amablemente toman esta inquietud y se interesan en seguir trabajando y fomentando la defensa de los consumidores\u201d.<\/p>\n<p>&nbsp;<\/p>\n<p>Por su parte, el titular presidente del CGE, Jos\u00e9 Luis Panozzo, resalt\u00f3 \u201cque es muy importante el avance en educaci\u00f3n que estamos logrando en esta oportunidad, ya que es nuestra tarea conseguir que nuestros alumnos y docentes se capaciten constantemente. La firma de este convenio muestra el trabajo de todo el gobierno, sea nacional o provincial, sin bander\u00edas pol\u00edticas\u201d.<\/p>\n<p>&nbsp;<\/p>\n<p>\u201cEstamos hablando de educaci\u00f3n, algo que nos va a hacer superarnos m\u00e1s como seres humanos y como provincia, y es lo que estamos fomentando desde el sector que me toca conducir, tal como lo ha indicado nuestro gobernador\u201d, apunt\u00f3.<\/p>\n<p>&nbsp;<\/p>\n<p>Adem\u00e1s, Panozzo remarc\u00f3 la necesidad de \u201cinstalar en las escuelas entrerrianas h\u00e1bitos de consumo m\u00e1s saludables y que redunden en beneficio de la salud, desde temprana edad. Lo hice como intendente en su momento, como legislador y ahora estamos tratando de hacerlo desde aqu\u00ed, el poder crear los llamados kioscos saludables en donde nuestros ni\u00f1os puedan consumir productos sanos, dentro y fuera de las escuelas, pero fomentando una conciencia de necesidad de los mismos\u201d.<\/p>\n<p>&nbsp;<\/p>\n<p>En tanto, el secretario de Comercio, N\u00e9stor Loggio, destac\u00f3 el trabajo que lleva adelante la Direcci\u00f3n de Defensa del Consumidor de la provincia, la cual integra su \u00e1rea. \u201cEstos convenios fortalecen y suman siempre al trabajo mancomunado que se realiza desde el gobierno provincial\u201d, afirm\u00f3.<\/p>\n<p>&nbsp;<\/p>\n<p>Adem\u00e1s, agradeci\u00f3 al titular del \u00e1rea nacional su predisposici\u00f3n para seguir avanzando en distintos temas referidos al comercio, en los cuales se est\u00e1 trabajando fuertemente. \u201cEntre R\u00edos cuenta con un valor agregado en sus productos muy importante, lo que nos mueve a reforzar todos los d\u00edas las herramientas para que estos sigan aportando al crecimiento. Uno de esos valores fundamentales -y como educador lo expreso- es la formaci\u00f3n, desde la ni\u00f1ez y hacia delante\u201d, finaliz\u00f3 el funcionario.<\/p>\n<p>&nbsp;<\/p>\n<p>&nbsp;<\/p>\n<p>&nbsp;<\/p>\n<p>&nbsp;<\/p>\n<p>&nbsp;<\/p>\n<p>&nbsp;<\/p>\n<p><strong>Planes de educaci\u00f3n para el consumidor <\/strong><\/p>\n<p>Por su parte, el director de Defensa del Consumidor, Juan Carlos Albornoz, destac\u00f3 el apoyo del Consejo Federal del Consumo y la Direcci\u00f3n Nacional de Defensa del Consumidor, como as\u00ed tambi\u00e9n de la Secretaria de Comercio y el Ministerio de Producci\u00f3n de la provincia.<\/p>\n<p>&nbsp;<\/p>\n<p>Seg\u00fan consider\u00f3, \u201cla educaci\u00f3n para el consumo representa una de las herramientas esenciales para asegurar el respeto por los derechos ciudadanos del que deben gozar los individuos en su rol de consumidores y usuarios; y para cumplir las obligaciones emergentes de los art\u00edculos 60 y 61 de la Ley 24.240 de Defensa del Consumidor y de la ley 8973 de Procedimiento para la Defensa de los Derechos del Consumidor en la provincia de Entre R\u00edos\u201d.<\/p>\n<p>&nbsp;<\/p>\n<p>&nbsp;<\/p>\n<p>&nbsp;<\/p>\n<p>&nbsp;<\/p>\n<p>&nbsp;<\/p>\n<p>&nbsp;<\/p>\n<p><strong>El convenio <\/strong><\/p>\n<p>En el convenio se acuerda fortalecer las acciones orientadas a la promoci\u00f3n y difusi\u00f3n de los Derechos del Consumidor y a la Educaci\u00f3n para el Consumo en el sistema educativo de la provincia de Entre R\u00edos. Ello implica establecer l\u00edneas de trabajo, como el dise\u00f1o e implementaci\u00f3n de actividades de formaci\u00f3n y actualizaci\u00f3n docente en Educaci\u00f3n para el Consumo, con alcance a toda la provincia, conforme un cronograma de trabajo preestablecido.<\/p>\n<p>&nbsp;<\/p>\n<p>Adem\u00e1s, se proceder\u00e1 a la implementaci\u00f3n de lineamientos y material de trabajo para la incorporaci\u00f3n de la Educaci\u00f3n para el Consumo en el dise\u00f1o curricular provincial, sumando actividades de difusi\u00f3n y de educaci\u00f3n formal y no formal destinadas a adultos mayores, estudiantes secundarios, a trav\u00e9s de Jornadas de Recinto Abierto y otros colectivos que las partes consideren oportuno incorporar.<\/p>\n<p>&nbsp;<\/p>\n<p>&nbsp;<\/p>\n<p>&nbsp;<\/p>\n<p><strong>Encuentro con asociaciones de consumidores <\/strong><\/p>\n<p>En el marco de su visita a entre R\u00edos, el director Nacional de Defensa del Consumidor dialog\u00f3 con los representantes de la Asociaci\u00f3n de Defensa de Consumidores Entrerrianos (Adecen), quienes le detallaron las actividades que vienen realizando en la provincia, como as\u00ed tambi\u00e9n la colaboraci\u00f3n en los reclamos y avances en derechos y obligaciones de los consumidores.<\/p>\n<p>&nbsp;<\/p>\n<p>El presidente de Adecen, Gabriel Vargas, coment\u00f3 que \u201ces un hecho trascendental la entrega de la carpeta para la inscripci\u00f3n de la primera asociaci\u00f3n de consumidores de la provincia, que si bien ya cuenta con matr\u00edcula provincial desde el a\u00f1o 2004, toma mayor importancia en esta etapa de expansi\u00f3n de los derechos de los consumidores. Creemos que cobra un dimensi\u00f3n distinta en la tutela colectiva, por la cual se podr\u00e1 extender a todos los consumidores, independientemente de donde residan\u201d.<\/p>\n<p>&nbsp;<\/p>\n<p>Por otra parte, dijo que \u201ccelebramos que la provincia avance en la realizaci\u00f3n de convenios que permitan educarnos desde los niveles iniciales sobre la tem\u00e1tica del consumo, ya que la principal herramienta con que cuentan o deber\u00edan contar los consumidores al momento de tomar sus decisiones es la de la informaci\u00f3n sobre sus derechos, c\u00f3mo comportarse en el mercado y c\u00f3mo defender y ejercer sus derecho cuando son vulnerados\u201d.<\/p>\n<p>&nbsp;<\/p>\n<p>En el acto estuvieron presentes, adem\u00e1s, la secretaria de la Asociaci\u00f3n, Marisol Poidomani, y el asesor legal Ra\u00fal Mu\u00f1oz, quienes forman parte de la comisi\u00f3n directiva de la entidad.<\/p>\n","protected":false},"excerpt":{"rendered":"<p>El gobierno suscribi\u00f3 un convenio marco con la Direcci\u00f3n Nacional de Defensa al Consumidor por el cual se acord\u00f3 llevar adelante acciones conjuntas para fomentar en los educadores, sus alumnos, las familias y la comunidad educativa en su conjunto, acciones orientadas a la promoci\u00f3n y difusi\u00f3n de los Derechos del Consumidor y de la Educaci\u00f3n para el Consumo, incorpor\u00e1ndolos en el sistema educativo de Entre R\u00edos &nbsp; &nbsp; &nbsp; &nbsp; &nbsp; Participaron de la firma del convenio, el director nacional de Defensa del Consumidor, Fernando Blanco Mui\u00f1o; el secretario de&#8230;<\/p>\n","protected":false},"author":3,"featured_media":4272,"comment_status":"closed","ping_status":"closed","sticky":false,"template":"","format":"standard","meta":[],"categories":[15],"tags":[],"_links":{"self":[{"href":"https:\/\/www.actualidadadiario.com\/index.php\/wp-json\/wp\/v2\/posts\/4271"}],"collection":[{"href":"https:\/\/www.actualidadadiario.com\/index.php\/wp-json\/wp\/v2\/posts"}],"about":[{"href":"https:\/\/www.actualidadadiario.com\/index.php\/wp-json\/wp\/v2\/types\/post"}],"author":[{"embeddable":true,"href":"https:\/\/www.actualidadadiario.com\/index.php\/wp-json\/wp\/v2\/users\/3"}],"replies":[{"embeddable":true,"href":"https:\/\/www.actualidadadiario.com\/index.php\/wp-json\/wp\/v2\/comments?post=4271"}],"version-history":[{"count":1,"href":"https:\/\/www.actualidadadiario.com\/index.php\/wp-json\/wp\/v2\/posts\/4271\/revisions"}],"predecessor-version":[{"id":4273,"href":"https:\/\/www.actualidadadiario.com\/index.php\/wp-json\/wp\/v2\/posts\/4271\/revisions\/4273"}],"wp:featuredmedia":[{"embeddable":true,"href":"https:\/\/www.actualidadadiario.com\/index.php\/wp-json\/wp\/v2\/media\/4272"}],"wp:attachment":[{"href":"https:\/\/www.actualidadadiario.com\/index.php\/wp-json\/wp\/v2\/media?parent=4271"}],"wp:term":[{"taxonomy":"category","embeddable":true,"href":"https:\/\/www.actualidadadiario.com\/index.php\/wp-json\/wp\/v2\/categories?post=4271"},{"taxonomy":"post_tag","embeddable":true,"href":"https:\/\/www.actualidadadiario.com\/index.php\/wp-json\/wp\/v2\/tags?post=4271"}],"curies":[{"name":"wp","href":"https:\/\/api.w.org\/{rel}","templated":true}]}}