{"id":4268,"date":"2016-11-10T11:28:04","date_gmt":"2016-11-10T14:28:04","guid":{"rendered":"http:\/\/actualidadadiario.com\/site\/?p=4268"},"modified":"2016-11-10T11:28:04","modified_gmt":"2016-11-10T14:28:04","slug":"cristina-kirchner-reaparecera-en-un-acto-con-fuerte-condimento-politico","status":"publish","type":"post","link":"https:\/\/www.actualidadadiario.com\/index.php\/2016\/11\/10\/cristina-kirchner-reaparecera-en-un-acto-con-fuerte-condimento-politico\/","title":{"rendered":"Cristina Kirchner reaparecer\u00e1 en un acto con fuerte condimento pol\u00edtico"},"content":{"rendered":"<p><em><strong>En la universidad de Florencio Varela, la ex Presidenta dar\u00e1 una charla sobre pol\u00edtica econ\u00f3mica<\/strong><\/em><\/p>\n<p>&nbsp;<\/p>\n<p>&nbsp;<\/p>\n<p>&nbsp;<\/p>\n<p>&nbsp;<\/p>\n<p>Luego de los violentos incidentes en el Concejo Deliberante de Florencio Varela a prop\u00f3sito de un proyecto para distinguirla como ciudadana ilustre de esa localidad, la expresidenta Cristina Kirchner reaparecer\u00e1 ma\u00f1ana en una charla de pol\u00edtica econ\u00f3mica de la Universidad Nacional Arturo Jauretche (UNAJ).<\/p>\n<p>&nbsp;<\/p>\n<p>Ser\u00e1 a las 17, en la sede central de la UNAJ, en el marco del lanzamiento de la carrera de Econom\u00eda de esa casa de estudios (coordinada por su \u00faltimo viceministro de Econom\u00eda, Emmanuel \u00c1lvarez Agis).<\/p>\n<p>&nbsp;<\/p>\n<p>La actividad tendr\u00e1 cierto condimento pol\u00edtico ya que se prev\u00e9 la participaci\u00f3n del intendente de Florencio Varela, Julio Pereyra, y de su par de Berazategui, Patricio Mussi, en una puesta en escena donde Cristina Kirchner empieza a mostrar apoyo territorial en el conurbano.<\/p>\n<p>&nbsp;<\/p>\n<p>La exjefa de Estado mantiene una base s\u00f3lida de respaldo por parte de sectores importantes de la comunidad cient\u00edfica y universitaria, a partir de los avances en esas \u00e1reas durante su gesti\u00f3n, como la creaci\u00f3n de cinco nuevas universidades en el conurbano entre fines del 2019 y 2010, o la constituci\u00f3n en<\/p>\n<p>diciembre del 2007 del Ministerio de Ciencia, Tecnolog\u00eda e Innovaci\u00f3n Productiva.<\/p>\n<p>&nbsp;<\/p>\n<p>El jueves pasado recibi\u00f3 en su despacho del Instituto Patria a referentes del colectivo de Cient\u00edficos y Universitarios Autoconvocados.<\/p>\n<p>&nbsp;<\/p>\n<p>La presencia de Cristina Kirchner en la UNAJ estar\u00e1 te\u00f1ida por el esc\u00e1ndalo que este mi\u00e9rcoles se desat\u00f3 en el \u00f3rgano legislativo de Florencio Varela, cuando un grupo de personas opositoras ingres\u00f3 bruscamente al recinto y a golpes de pu\u00f1o se enredaron en una ri\u00f1a con concejales kirchneristas que impulsaban una ordenanza para reconocer a la ex mandataria como ciudadana ilustre de la localidad.<\/p>\n","protected":false},"excerpt":{"rendered":"<p>En la universidad de Florencio Varela, la ex Presidenta dar\u00e1 una charla sobre pol\u00edtica econ\u00f3mica &nbsp; &nbsp; &nbsp; &nbsp; Luego de los violentos incidentes en el Concejo Deliberante de Florencio Varela a prop\u00f3sito de un proyecto para distinguirla como ciudadana ilustre de esa localidad, la expresidenta Cristina Kirchner reaparecer\u00e1 ma\u00f1ana en una charla de pol\u00edtica econ\u00f3mica de la Universidad Nacional Arturo Jauretche (UNAJ). &nbsp; Ser\u00e1 a las 17, en la sede central de la UNAJ, en el marco del lanzamiento de la carrera de Econom\u00eda de esa casa de estudios&#8230;<\/p>\n","protected":false},"author":3,"featured_media":4269,"comment_status":"closed","ping_status":"closed","sticky":false,"template":"","format":"standard","meta":[],"categories":[18],"tags":[],"_links":{"self":[{"href":"https:\/\/www.actualidadadiario.com\/index.php\/wp-json\/wp\/v2\/posts\/4268"}],"collection":[{"href":"https:\/\/www.actualidadadiario.com\/index.php\/wp-json\/wp\/v2\/posts"}],"about":[{"href":"https:\/\/www.actualidadadiario.com\/index.php\/wp-json\/wp\/v2\/types\/post"}],"author":[{"embeddable":true,"href":"https:\/\/www.actualidadadiario.com\/index.php\/wp-json\/wp\/v2\/users\/3"}],"replies":[{"embeddable":true,"href":"https:\/\/www.actualidadadiario.com\/index.php\/wp-json\/wp\/v2\/comments?post=4268"}],"version-history":[{"count":1,"href":"https:\/\/www.actualidadadiario.com\/index.php\/wp-json\/wp\/v2\/posts\/4268\/revisions"}],"predecessor-version":[{"id":4270,"href":"https:\/\/www.actualidadadiario.com\/index.php\/wp-json\/wp\/v2\/posts\/4268\/revisions\/4270"}],"wp:featuredmedia":[{"embeddable":true,"href":"https:\/\/www.actualidadadiario.com\/index.php\/wp-json\/wp\/v2\/media\/4269"}],"wp:attachment":[{"href":"https:\/\/www.actualidadadiario.com\/index.php\/wp-json\/wp\/v2\/media?parent=4268"}],"wp:term":[{"taxonomy":"category","embeddable":true,"href":"https:\/\/www.actualidadadiario.com\/index.php\/wp-json\/wp\/v2\/categories?post=4268"},{"taxonomy":"post_tag","embeddable":true,"href":"https:\/\/www.actualidadadiario.com\/index.php\/wp-json\/wp\/v2\/tags?post=4268"}],"curies":[{"name":"wp","href":"https:\/\/api.w.org\/{rel}","templated":true}]}}