{"id":4262,"date":"2016-11-10T11:26:01","date_gmt":"2016-11-10T14:26:01","guid":{"rendered":"http:\/\/actualidadadiario.com\/site\/?p=4262"},"modified":"2016-11-10T11:26:01","modified_gmt":"2016-11-10T14:26:01","slug":"obras-sociales-y-prepagas-deberan-cubrir-leches-medicamentosas","status":"publish","type":"post","link":"https:\/\/www.actualidadadiario.com\/index.php\/2016\/11\/10\/obras-sociales-y-prepagas-deberan-cubrir-leches-medicamentosas\/","title":{"rendered":"Obras sociales y prepagas deber\u00e1n cubrir leches medicamentosas"},"content":{"rendered":"<p><em><strong>La obligatoriedad de la cobertura integral de leche medicamentosa para consumo de quienes padecen alergia a la prote\u00edna de la leche vacuna (APLV) por parte de las obras sociales y prepagas de salud, fue oficializada este mi\u00e9rcoles a partir de su publicaci\u00f3n en el Bolet\u00edn Oficial<\/strong><\/em><\/p>\n<p>&nbsp;<\/p>\n<p>&nbsp;<\/p>\n<p>&nbsp;<\/p>\n<p>&nbsp;<\/p>\n<p>&nbsp;<\/p>\n<p>La oficializaci\u00f3n de la norma, que hab\u00eda sido aprobada mediante la Ley 27.305 el 19 de octubre pasado, dispone adem\u00e1s que la cobertura incluya tambi\u00e9n a aquellos pacientes que &#8220;padecen des\u00f3rdenes, enfermedades o trastornos gastrointestinales y enfermedades metab\u00f3licas&#8221; y que no existe l\u00edmite de edad para esta cobertura.<\/p>\n<p>&nbsp;<\/p>\n<p>La ley entrar\u00e1 en vigencia dentro de 90 d\u00edas y alcanza a &#8220;las obras sociales enmarcadas en las leyes 23.660 y 23.661, la Obra Social del Poder Judicial de la Naci\u00f3n, la Direcci\u00f3n de Ayuda Social para el Personal del Congreso de la Naci\u00f3n, las entidades de medicina prepaga y las entidades que brinden atenci\u00f3n al personal de las universidades, as\u00ed como tambi\u00e9n todos aquellos agentes que brinden servicios m\u00e9dico-asistenciales a sus afiliados independientemente de la figura jur\u00eddica que posean&#8221;.<\/p>\n","protected":false},"excerpt":{"rendered":"<p>La obligatoriedad de la cobertura integral de leche medicamentosa para consumo de quienes padecen alergia a la prote\u00edna de la leche vacuna (APLV) por parte de las obras sociales y prepagas de salud, fue oficializada este mi\u00e9rcoles a partir de su publicaci\u00f3n en el Bolet\u00edn Oficial &nbsp; &nbsp; &nbsp; &nbsp; &nbsp; La oficializaci\u00f3n de la norma, que hab\u00eda sido aprobada mediante la Ley 27.305 el 19 de octubre pasado, dispone adem\u00e1s que la cobertura incluya tambi\u00e9n a aquellos pacientes que &#8220;padecen des\u00f3rdenes, enfermedades o trastornos gastrointestinales y enfermedades metab\u00f3licas&#8221; y&#8230;<\/p>\n","protected":false},"author":3,"featured_media":4263,"comment_status":"closed","ping_status":"closed","sticky":false,"template":"","format":"standard","meta":[],"categories":[2],"tags":[],"_links":{"self":[{"href":"https:\/\/www.actualidadadiario.com\/index.php\/wp-json\/wp\/v2\/posts\/4262"}],"collection":[{"href":"https:\/\/www.actualidadadiario.com\/index.php\/wp-json\/wp\/v2\/posts"}],"about":[{"href":"https:\/\/www.actualidadadiario.com\/index.php\/wp-json\/wp\/v2\/types\/post"}],"author":[{"embeddable":true,"href":"https:\/\/www.actualidadadiario.com\/index.php\/wp-json\/wp\/v2\/users\/3"}],"replies":[{"embeddable":true,"href":"https:\/\/www.actualidadadiario.com\/index.php\/wp-json\/wp\/v2\/comments?post=4262"}],"version-history":[{"count":1,"href":"https:\/\/www.actualidadadiario.com\/index.php\/wp-json\/wp\/v2\/posts\/4262\/revisions"}],"predecessor-version":[{"id":4264,"href":"https:\/\/www.actualidadadiario.com\/index.php\/wp-json\/wp\/v2\/posts\/4262\/revisions\/4264"}],"wp:featuredmedia":[{"embeddable":true,"href":"https:\/\/www.actualidadadiario.com\/index.php\/wp-json\/wp\/v2\/media\/4263"}],"wp:attachment":[{"href":"https:\/\/www.actualidadadiario.com\/index.php\/wp-json\/wp\/v2\/media?parent=4262"}],"wp:term":[{"taxonomy":"category","embeddable":true,"href":"https:\/\/www.actualidadadiario.com\/index.php\/wp-json\/wp\/v2\/categories?post=4262"},{"taxonomy":"post_tag","embeddable":true,"href":"https:\/\/www.actualidadadiario.com\/index.php\/wp-json\/wp\/v2\/tags?post=4262"}],"curies":[{"name":"wp","href":"https:\/\/api.w.org\/{rel}","templated":true}]}}