{"id":4256,"date":"2016-11-10T11:24:09","date_gmt":"2016-11-10T14:24:09","guid":{"rendered":"http:\/\/actualidadadiario.com\/site\/?p=4256"},"modified":"2016-11-10T11:24:09","modified_gmt":"2016-11-10T14:24:09","slug":"turner-y-fox-hicieron-oferta-de-2-500-m-por-los-derechos-del-futbol-argentino","status":"publish","type":"post","link":"https:\/\/www.actualidadadiario.com\/index.php\/2016\/11\/10\/turner-y-fox-hicieron-oferta-de-2-500-m-por-los-derechos-del-futbol-argentino\/","title":{"rendered":"Turner y Fox hicieron oferta de $ 2.500 M por los derechos del f\u00fatbol argentino"},"content":{"rendered":"<p><em><strong>Turner y Fox hicieron una millonaria oferta para quedarse con los derechos para televisar el f\u00fatbol a partir el a\u00f1o que viene, cuando termine el F\u00fatbol para Todos<\/strong><\/em><\/p>\n<p>&nbsp;<\/p>\n<p>&nbsp;<\/p>\n<p>&nbsp;<\/p>\n<p>&nbsp;<\/p>\n<p>&nbsp;<\/p>\n<p>&nbsp;<\/p>\n<p>&nbsp;<\/p>\n<p>La oferta fue confirmada por Fernando Mar\u00edn, el hombre del Gobierno que se encuentra al frente del FpT, que dejar\u00e1 de aportar dinero a partir del 31 de diciembre.<\/p>\n<p>&nbsp;<\/p>\n<p>Si bien Mar\u00edn no dio cifras en su entrevista con radio La Red, Armando P\u00e9rez, titular de la Comisi\u00f3n Normalizadora de la AFA le confirm\u00f3 a T\u00e9lam que la oferta es de 2.500 millones de pesos anuales y la misma ya se la fue comunicada al dirigente en una reuni\u00f3n que tuvo en la quinta de Olivos con Fernando De Andreis, secretario general de la presidencia.<\/p>\n<p>&nbsp;<\/p>\n<p>El ex presidente de Belgrano expres\u00f3 que el &#8220;gobierno nacional recibi\u00f3 una oferta de las empresas Turner y Fox para hacerse cargo de la televisaci\u00f3n del f\u00fatbol argentino a partir de 2017&#8221; por 2.500 millones de pesos y ma\u00f1ana le bajar\u00e1 esta informaci\u00f3n a los clubes<\/p>\n<p>&nbsp;<\/p>\n<p>Esta propuesta, que ya se encuentra formalizada y por escrito, implica un importante incremento si se toma como par\u00e1metro que el FpT pag\u00f3 $1661 millones en este a\u00f1o.<\/p>\n<p>&nbsp;<\/p>\n<p>El Gobierno anunci\u00f3 que el Estado dejar\u00e1 de aportar dinero e interrumpir\u00e1 el contrato que ten\u00eda con AFA hasta 2019.<\/p>\n","protected":false},"excerpt":{"rendered":"<p>Turner y Fox hicieron una millonaria oferta para quedarse con los derechos para televisar el f\u00fatbol a partir el a\u00f1o que viene, cuando termine el F\u00fatbol para Todos &nbsp; &nbsp; &nbsp; &nbsp; &nbsp; &nbsp; &nbsp; La oferta fue confirmada por Fernando Mar\u00edn, el hombre del Gobierno que se encuentra al frente del FpT, que dejar\u00e1 de aportar dinero a partir del 31 de diciembre. &nbsp; Si bien Mar\u00edn no dio cifras en su entrevista con radio La Red, Armando P\u00e9rez, titular de la Comisi\u00f3n Normalizadora de la AFA le confirm\u00f3&#8230;<\/p>\n","protected":false},"author":3,"featured_media":4257,"comment_status":"closed","ping_status":"closed","sticky":false,"template":"","format":"standard","meta":[],"categories":[2],"tags":[],"_links":{"self":[{"href":"https:\/\/www.actualidadadiario.com\/index.php\/wp-json\/wp\/v2\/posts\/4256"}],"collection":[{"href":"https:\/\/www.actualidadadiario.com\/index.php\/wp-json\/wp\/v2\/posts"}],"about":[{"href":"https:\/\/www.actualidadadiario.com\/index.php\/wp-json\/wp\/v2\/types\/post"}],"author":[{"embeddable":true,"href":"https:\/\/www.actualidadadiario.com\/index.php\/wp-json\/wp\/v2\/users\/3"}],"replies":[{"embeddable":true,"href":"https:\/\/www.actualidadadiario.com\/index.php\/wp-json\/wp\/v2\/comments?post=4256"}],"version-history":[{"count":1,"href":"https:\/\/www.actualidadadiario.com\/index.php\/wp-json\/wp\/v2\/posts\/4256\/revisions"}],"predecessor-version":[{"id":4258,"href":"https:\/\/www.actualidadadiario.com\/index.php\/wp-json\/wp\/v2\/posts\/4256\/revisions\/4258"}],"wp:featuredmedia":[{"embeddable":true,"href":"https:\/\/www.actualidadadiario.com\/index.php\/wp-json\/wp\/v2\/media\/4257"}],"wp:attachment":[{"href":"https:\/\/www.actualidadadiario.com\/index.php\/wp-json\/wp\/v2\/media?parent=4256"}],"wp:term":[{"taxonomy":"category","embeddable":true,"href":"https:\/\/www.actualidadadiario.com\/index.php\/wp-json\/wp\/v2\/categories?post=4256"},{"taxonomy":"post_tag","embeddable":true,"href":"https:\/\/www.actualidadadiario.com\/index.php\/wp-json\/wp\/v2\/tags?post=4256"}],"curies":[{"name":"wp","href":"https:\/\/api.w.org\/{rel}","templated":true}]}}