{"id":4250,"date":"2016-11-10T11:22:12","date_gmt":"2016-11-10T14:22:12","guid":{"rendered":"http:\/\/actualidadadiario.com\/site\/?p=4250"},"modified":"2016-11-10T11:22:12","modified_gmt":"2016-11-10T14:22:12","slug":"preocupa-caida-en-las-economias-regionales","status":"publish","type":"post","link":"https:\/\/www.actualidadadiario.com\/index.php\/2016\/11\/10\/preocupa-caida-en-las-economias-regionales\/","title":{"rendered":"Preocupa ca\u00edda en las econom\u00edas regionales"},"content":{"rendered":"<p><em><strong>Conforme los \u00faltimos datos publicados por el INDEC, la econom\u00eda est\u00e1 en recesi\u00f3n, ya que acumula por tercer trimestre consecutivo ca\u00eddas en el nivel de actividad. Un reciente informe de la consultora Econom\u00eda &amp; Regiones, confirma esta teor\u00eda. Los motivos son conocidos: inflaci\u00f3n, costos elevados, presi\u00f3n impositiva, ca\u00edda de los mercados externos y en algunos casos se debe sumar el factor clim\u00e1tico. Cuyo (-4,7%) y la Patagonia (-3,2%), est\u00e1n en el top tres de las que mayores mermas interanuales presentaron<\/strong><\/em><\/p>\n<p>&nbsp;<\/p>\n<p>&nbsp;<\/p>\n<p>&nbsp;<\/p>\n<p>&nbsp;<\/p>\n<p>Aunque es historia conocida, la salida del cepo y la consecuente devaluaci\u00f3n hac\u00edan presagiar una mejora en la competitividad de las econom\u00edas regionales. Y si bien el primer semestre del a\u00f1o amag\u00f3 con un repunte, la segunda parte de 2016 est\u00e1 a un paso (poco menos de dos meses) de cerrar con un marcado balance negativo. No hay dudas de que la mirada est\u00e1 puesta en el mediano y largo plazo.<\/p>\n<p>&nbsp;<\/p>\n<p>&#8220;Es un proceso gradual. A decir verdad las econom\u00edas regionales en general no se terminaron de recuperar con las medidas que estamos tomando y estamos trabajando en eso. Hablamos de producciones que en los \u00faltimos a\u00f1os o se murieron o estuvieron muy cerca de morirse. Perdieron el 100% de su capital operativo. Es lo que hoy hay que recuperar&#8221;, afirma Ricardo Negri, secretario de Agricultura, Ganader\u00eda y Pesca de la Naci\u00f3n.<\/p>\n<p>&nbsp;<\/p>\n<p>&nbsp;<\/p>\n<p>&nbsp;<\/p>\n<p>&nbsp;<\/p>\n<p>&nbsp;<\/p>\n<p>&nbsp;<\/p>\n<p><strong>Informe desalentador<\/strong><\/p>\n<p>De acuerdo con el indicador de Econom\u00eda &amp; Regiones (E&amp;R), en el segundo trimestre de 2016 las distintas zonas geogr\u00e1ficas del pa\u00eds presentan variaciones en su nivel de actividad, en promedio, del -3,5%, siendo las zonas de Cuyo y Patagonia dos de las tres regiones m\u00e1s afectadas, registrando el centro del pa\u00eds los \u00edndices m\u00e1s bajos.<\/p>\n<p>&nbsp;<\/p>\n<p>&#8220;Cabe destacar que el presente de la intendencia en Valle Alto o Medio de R\u00edo Negro es distinto al de Zapala, por ejemplo, o al de la ciudad de Santa Cruz. Lo mismo sucede en Cuyo, que tiene desde situaciones complicadas en duraznos, en el sur de Mendoza, hasta la vitivinicultura, que tuvo una p\u00e9rdida de casi 40% el a\u00f1o pasado&#8221;, analiza Negri.<\/p>\n<p>&nbsp;<\/p>\n<p>Pablo Vernengo, director ejecutivo de Econom\u00edas Regionales de la Confederaci\u00f3n Argentina de la Mediana Empresa (CAME) es a\u00fan m\u00e1s cr\u00edtico, al sostener que &#8220;Mientras que las empresas frut\u00edcolas y vitivin\u00edcolas chilenas registran un dinamismo extraordinario en el mercado internacional, en las zonas argentinas de Cuyo y la Patagonia abundan las noticias de cierres de compa\u00f1\u00edas, suspensiones de personal y conflictos sociales&#8221;.<\/p>\n<p>&nbsp;<\/p>\n<p>A la hora de abordar la coyuntura del sector, Negri sostiene que varios productores &#8220;tienen una parte importante informal en t\u00e9rminos fiscales con lo cual no son financiables por los bancos. Por eso estamos tratando de cambiar los subsidios por financiaci\u00f3n. Primero fue la financiaci\u00f3n bancaria, y ahora estamos haciendo un fondo de financiaci\u00f3n de capital operativo para las econom\u00edas regionales no bancarizadas&#8221;.<\/p>\n<p>&nbsp;<\/p>\n<p>Hacia adelante, el plan del Gobierno es &#8220;mejorar la sanidad, que los productores puedan acceder a la financiaci\u00f3n; reintegros a las exportaciones para estimular el aumento de la calidad y aumento de la exportaci\u00f3n dentro de esta cadena. Los reintegros son del orden de 2.600 millones de pesos&#8221;, cuenta Negri.<\/p>\n<p>&nbsp;<\/p>\n<p>El diputado nacional Marcelo Sorgente se suma al debate, al considerar que &#8220;desde 2001 no se realiza un censo agropecuario, pero se estima que en San Juan -donde se llev\u00f3 a cabo el triste &#8216;Velatorio de la vitivinicultura&#8217;- ha quebrado 1\/3 de los productores&#8221;.<\/p>\n<p>&nbsp;<\/p>\n<p>&nbsp;<\/p>\n<p>&nbsp;<\/p>\n<p>&nbsp;<\/p>\n<p>&nbsp;<\/p>\n<p><strong>Patagonia<\/strong><\/p>\n<p>Seg\u00fan el informe de E&amp;R, la Regi\u00f3n Patag\u00f3nica presenta un ca\u00edda del -3,2%, como consecuencia de la baja en la miner\u00eda (-3,9%), industria manufacturera (-8,4%) y comercio (-8,6%). Dentro de los sectores productores de bienes, los cuales contribuyen el 59,7% en el PBG regional, el m\u00e1s importante es la Miner\u00eda, con una contribuci\u00f3n al valor agregado del 27,6%. En dicho per\u00edodo, este sector cay\u00f3 3,9%, como consecuencia del descenso en la producci\u00f3n de petr\u00f3leo que aporta un 74,4% al sector y cay\u00f3 5,9%, mientras la producci\u00f3n de gas subi\u00f3 7,5%, pero con una participaci\u00f3n menor (8,7%).<\/p>\n<p>&nbsp;<\/p>\n<p>La Industria Manufacturera cay\u00f3 8,4%, con una participaci\u00f3n del 8,8%. Dentro de esta actividad, se destaca la fabricaci\u00f3n de televisores, radios y electrodom\u00e9sticos, que muestra una ca\u00edda del 10,6%, industria que representa cerca del 10,1% de la industria regional y se desarrolla principalmente en Tierra del Fuego. La fabricaci\u00f3n de productos primarios de metales, en tanto, registra una variaci\u00f3n negativa del 11,2% interanual (cuya participaci\u00f3n alcanza 25,7% del sector), explicado por la performance de la elaboraci\u00f3n de aluminio primario y semielaborados. En el mismo sentido, la producci\u00f3n de alimentos y bebidas representa el 18,5% del sector y cay\u00f3 8,6% en el IIT 2016.<\/p>\n<p>&nbsp;<\/p>\n<p>El Comercio cay\u00f3 8,6%, con una participaci\u00f3n del 9%. Las transferencias de usados cayeron en todas las provincias de la regi\u00f3n al tiempo que los patentamientos se redujeron en Chubut, Neuqu\u00e9n y Santa Cruz.<\/p>\n<p>&nbsp;<\/p>\n<p>&nbsp;<\/p>\n<p>&nbsp;<\/p>\n<p>&nbsp;<\/p>\n<p>&nbsp;<\/p>\n<p><strong>Regi\u00f3n Cuyana<\/strong><\/p>\n<p>Esta regi\u00f3n presenta una baja del 4,7% del nivel de actividad. La ca\u00edda se explica por las bajas en la industria y el comercio. La Industria, que representa un 22,1% del PBG regional, muestra un descenso del 12,3% en t\u00e9rminos interanuales.<\/p>\n<p>&nbsp;<\/p>\n<p>Esto se relaciona con el nivel de actividad de la principal industria local (23,1% del producto industria corresponde a la elaboraci\u00f3n de bebidas): la elaboraci\u00f3n de vinos afectada por la mala cosecha de uva. La elaboraci\u00f3n de vinos y mostos al IIT 2016 cay\u00f3 36,7% en Mendoza, pero subi\u00f3 54,4% en San Juan. La fabricaci\u00f3n de alimentos, con una participaci\u00f3n del 15,5% en la industria, habr\u00eda disminuido un 9,2%.<\/p>\n<p>&nbsp;<\/p>\n<p>La fabricaci\u00f3n de hornos de coque y refinaci\u00f3n de petr\u00f3leo cay\u00f3 un 10,5% y aporta el 9,7% a la industria regional. El comercio aporta el 8,2% y present\u00f3 la tercera baja m\u00e1s pronunciada (-9,8%) en el IIT 2016. Las ventas de supermercados disminuyeron 8,9% en Mendoza y las transferencias de autos usados cayeron en las tres provincias. En sentido contrario, los patentamientos crecieron en Mendoza (+6,9%), San Juan (+7,4%) y San Luis (+13%).<\/p>\n","protected":false},"excerpt":{"rendered":"<p>Conforme los \u00faltimos datos publicados por el INDEC, la econom\u00eda est\u00e1 en recesi\u00f3n, ya que acumula por tercer trimestre consecutivo ca\u00eddas en el nivel de actividad. Un reciente informe de la consultora Econom\u00eda &amp; Regiones, confirma esta teor\u00eda. Los motivos son conocidos: inflaci\u00f3n, costos elevados, presi\u00f3n impositiva, ca\u00edda de los mercados externos y en algunos casos se debe sumar el factor clim\u00e1tico. Cuyo (-4,7%) y la Patagonia (-3,2%), est\u00e1n en el top tres de las que mayores mermas interanuales presentaron &nbsp; &nbsp; &nbsp; &nbsp; Aunque es historia conocida, la salida&#8230;<\/p>\n","protected":false},"author":3,"featured_media":4251,"comment_status":"closed","ping_status":"closed","sticky":false,"template":"","format":"standard","meta":[],"categories":[9],"tags":[],"_links":{"self":[{"href":"https:\/\/www.actualidadadiario.com\/index.php\/wp-json\/wp\/v2\/posts\/4250"}],"collection":[{"href":"https:\/\/www.actualidadadiario.com\/index.php\/wp-json\/wp\/v2\/posts"}],"about":[{"href":"https:\/\/www.actualidadadiario.com\/index.php\/wp-json\/wp\/v2\/types\/post"}],"author":[{"embeddable":true,"href":"https:\/\/www.actualidadadiario.com\/index.php\/wp-json\/wp\/v2\/users\/3"}],"replies":[{"embeddable":true,"href":"https:\/\/www.actualidadadiario.com\/index.php\/wp-json\/wp\/v2\/comments?post=4250"}],"version-history":[{"count":1,"href":"https:\/\/www.actualidadadiario.com\/index.php\/wp-json\/wp\/v2\/posts\/4250\/revisions"}],"predecessor-version":[{"id":4252,"href":"https:\/\/www.actualidadadiario.com\/index.php\/wp-json\/wp\/v2\/posts\/4250\/revisions\/4252"}],"wp:featuredmedia":[{"embeddable":true,"href":"https:\/\/www.actualidadadiario.com\/index.php\/wp-json\/wp\/v2\/media\/4251"}],"wp:attachment":[{"href":"https:\/\/www.actualidadadiario.com\/index.php\/wp-json\/wp\/v2\/media?parent=4250"}],"wp:term":[{"taxonomy":"category","embeddable":true,"href":"https:\/\/www.actualidadadiario.com\/index.php\/wp-json\/wp\/v2\/categories?post=4250"},{"taxonomy":"post_tag","embeddable":true,"href":"https:\/\/www.actualidadadiario.com\/index.php\/wp-json\/wp\/v2\/tags?post=4250"}],"curies":[{"name":"wp","href":"https:\/\/api.w.org\/{rel}","templated":true}]}}