{"id":4241,"date":"2016-11-10T11:18:22","date_gmt":"2016-11-10T14:18:22","guid":{"rendered":"http:\/\/actualidadadiario.com\/site\/?p=4241"},"modified":"2016-11-10T11:18:22","modified_gmt":"2016-11-10T14:18:22","slug":"estatales-de-ate-y-docentes-realizan-paro-en-reclamo-de-reapertura-paritaria","status":"publish","type":"post","link":"https:\/\/www.actualidadadiario.com\/index.php\/2016\/11\/10\/estatales-de-ate-y-docentes-realizan-paro-en-reclamo-de-reapertura-paritaria\/","title":{"rendered":"Estatales de ATE y docentes realizan paro en reclamo de reapertura paritaria"},"content":{"rendered":"<p><em><strong>Empleados p\u00fablicos nucleados en la Asociaci\u00f3n de Trabajadores del Estado (ATE), se concentrar\u00e1n a partir de las 11 convocar\u00e1n en distintas plazas del pa\u00eds para reclamar la reapertura de paritarias al Gobierno nacional, en el marco de una medida que contar\u00e1 con el respaldo de varias seccionales del gremio. A esta protesta, se suma la de docentes bonaerenses, que est\u00e1n de paro en reclamo salarial<\/strong><\/em><\/p>\n<p>&nbsp;<\/p>\n<p>&nbsp;<\/p>\n<p>&nbsp;<\/p>\n<p>&nbsp;<\/p>\n<p>&nbsp;<\/p>\n<p>&nbsp;<\/p>\n<p>El titular de ATE, Hugo &#8220;Cachorro&#8221; Godoy, ratific\u00f3 este mi\u00e9rcoles la medida en una conferencia. &#8220;Tanto el gobierno nacional como las patronales quieren clausurar el debate (de las paritarias) con un bono de 2.000 pesos como piso, pero est\u00e1 lejos de atender la enorme p\u00e9rdida que han tenido los salarios en el transcurso de este a\u00f1o&#8221;, dijo.<\/p>\n<p>&nbsp;<\/p>\n<p>Godoy puso como ejemplo la situaci\u00f3n en el sector p\u00fablico, al denunciar que &#8220;en el caso de los estatales hemos perdido cerca del 17 por ciento de capacidad adquisitiva, y por eso es que estamos haciendo este paro y movilizaci\u00f3n&#8221;.<\/p>\n<p>&nbsp;<\/p>\n<p>En la Ciudad de Buenos Aires, las columnas se concentrar\u00e1n desde las 11 en el cruce de las Avenida de Mayo y 9 de julio, para luego marchar hacia la Plaza de Mayo.<\/p>\n<p>&nbsp;<\/p>\n<p>Godoy plante\u00f3 la necesidad &#8220;terminar con la precarizaci\u00f3n laboral&#8221; al reclamar &#8220;el pase a planta permanente de todos los trabajadores que no tienen estabilidad&#8221;.<\/p>\n<p>&nbsp;<\/p>\n<p>Dijo que adem\u00e1s ATE est\u00e1 pidiendo al Gobierno que asista financieramente a las provincias, y \u00e9stas a su vez a los municipios &#8220;para que la ayuda llegue a los trabajadores de todos los niveles del Estado&#8221;.<\/p>\n<p>&nbsp;<\/p>\n<p>Por su parte, docentes bonaerenses nucleados en la Federaci\u00f3n de Educadores Bonaerenses (FEB), tambi\u00e9n ratificaron el paro para este jueves. La titular del gremio, Mirta Petrocini, explic\u00f3 que el paro convocado por el Frente Gremial Bonarense es el resultado de &#8220;m\u00e1s de dos meses de falta de di\u00e1logo&#8221;, ante lo que defini\u00f3 como una decisi\u00f3n &#8220;unilateral&#8221; del gobierno provincial de &#8220;cerrar todos los \u00e1mbitos de negociaci\u00f3n&#8221;.<\/p>\n<p>&nbsp;<\/p>\n<p>&#8220;La medida de fuerza fue votada el \u00faltimo 29 de agosto por el Congreso Extraordinario del gremio, se buscaron agotar todas las instancias de di\u00e1logo antes de concretarla, pero el Gobierno eligi\u00f3 el silencio&#8221;, sostuvo Petrocini en declaraciones a la prensa.<\/p>\n<p>&nbsp;<\/p>\n<p>En este marco, se\u00f1al\u00f3 que &#8220;la deuda con la escuela p\u00fablica es hist\u00f3rica y se va profundizando a\u00f1o tras a\u00f1o&#8221;, y que el presupuesto proyectado para 2017 &#8220;estima un 3% menos de inversi\u00f3n en educaci\u00f3n, lo que significa unos 16.500.000 pesos que no van a destinarse al sistema educativo&#8221;.<\/p>\n","protected":false},"excerpt":{"rendered":"<p>Empleados p\u00fablicos nucleados en la Asociaci\u00f3n de Trabajadores del Estado (ATE), se concentrar\u00e1n a partir de las 11 convocar\u00e1n en distintas plazas del pa\u00eds para reclamar la reapertura de paritarias al Gobierno nacional, en el marco de una medida que contar\u00e1 con el respaldo de varias seccionales del gremio. A esta protesta, se suma la de docentes bonaerenses, que est\u00e1n de paro en reclamo salarial &nbsp; &nbsp; &nbsp; &nbsp; &nbsp; &nbsp; El titular de ATE, Hugo &#8220;Cachorro&#8221; Godoy, ratific\u00f3 este mi\u00e9rcoles la medida en una conferencia. &#8220;Tanto el gobierno nacional&#8230;<\/p>\n","protected":false},"author":3,"featured_media":4242,"comment_status":"closed","ping_status":"closed","sticky":false,"template":"","format":"standard","meta":[],"categories":[9],"tags":[],"_links":{"self":[{"href":"https:\/\/www.actualidadadiario.com\/index.php\/wp-json\/wp\/v2\/posts\/4241"}],"collection":[{"href":"https:\/\/www.actualidadadiario.com\/index.php\/wp-json\/wp\/v2\/posts"}],"about":[{"href":"https:\/\/www.actualidadadiario.com\/index.php\/wp-json\/wp\/v2\/types\/post"}],"author":[{"embeddable":true,"href":"https:\/\/www.actualidadadiario.com\/index.php\/wp-json\/wp\/v2\/users\/3"}],"replies":[{"embeddable":true,"href":"https:\/\/www.actualidadadiario.com\/index.php\/wp-json\/wp\/v2\/comments?post=4241"}],"version-history":[{"count":1,"href":"https:\/\/www.actualidadadiario.com\/index.php\/wp-json\/wp\/v2\/posts\/4241\/revisions"}],"predecessor-version":[{"id":4243,"href":"https:\/\/www.actualidadadiario.com\/index.php\/wp-json\/wp\/v2\/posts\/4241\/revisions\/4243"}],"wp:featuredmedia":[{"embeddable":true,"href":"https:\/\/www.actualidadadiario.com\/index.php\/wp-json\/wp\/v2\/media\/4242"}],"wp:attachment":[{"href":"https:\/\/www.actualidadadiario.com\/index.php\/wp-json\/wp\/v2\/media?parent=4241"}],"wp:term":[{"taxonomy":"category","embeddable":true,"href":"https:\/\/www.actualidadadiario.com\/index.php\/wp-json\/wp\/v2\/categories?post=4241"},{"taxonomy":"post_tag","embeddable":true,"href":"https:\/\/www.actualidadadiario.com\/index.php\/wp-json\/wp\/v2\/tags?post=4241"}],"curies":[{"name":"wp","href":"https:\/\/api.w.org\/{rel}","templated":true}]}}