{"id":4238,"date":"2016-11-10T11:17:25","date_gmt":"2016-11-10T14:17:25","guid":{"rendered":"http:\/\/actualidadadiario.com\/site\/?p=4238"},"modified":"2016-11-10T11:17:25","modified_gmt":"2016-11-10T14:17:25","slug":"crean-el-registro-de-identidad-de-usuarios-de-celulares","status":"publish","type":"post","link":"https:\/\/www.actualidadadiario.com\/index.php\/2016\/11\/10\/crean-el-registro-de-identidad-de-usuarios-de-celulares\/","title":{"rendered":"Crean el registro de identidad de usuarios de celulares"},"content":{"rendered":"<p><em><strong>El &#8220;Registro de Identidad de Usuarios del Servicio de Comunicaciones M\u00f3viles&#8221; qued\u00f3 oficializado este jueves con la publicaci\u00f3n de una resoluci\u00f3n conjunta de los Ministerios de Seguridad y Comunicaciones<\/strong><\/em><\/p>\n<p>&nbsp;<\/p>\n<p>&nbsp;<\/p>\n<p>&nbsp;<\/p>\n<p>&nbsp;<\/p>\n<p>&nbsp;<\/p>\n<p>&nbsp;<\/p>\n<p>Desde mediados de a\u00f1o el gobierno de Mauricio Macri ven\u00eda trabajando junto a las empresas prestadoras del servicio de telefon\u00eda m\u00f3vil en la confecci\u00f3n de un &#8220;Registro de Identidad de Usuarios del Servicio de Comunicaciones M\u00f3viles&#8221;. Finalmente este jueves su creaci\u00f3n qued\u00f3 sellada a trav\u00e9s de su publicaci\u00f3n en el Bolet\u00edn Oficial con la Resoluci\u00f3n Conjunta n\u00b06 de los Ministerios de Seguridad y de Comunicaciones.<\/p>\n<p>&nbsp;<\/p>\n<p>De acuerdo con la resoluci\u00f3n, la creaci\u00f3n de este registro se enmarca en la emergencia de seguridad p\u00fablica en todo el pa\u00eds y por un a\u00f1o declarada por la cartera que conduce Patricia Bullrich.<\/p>\n<p>&nbsp;<\/p>\n<p>Y se\u00f1ala adem\u00e1s que &#8220;desde que se advierte que en los \u00faltimos a\u00f1os, en forma creciente la delincuencia en general, y en especial las bandas delictivas, utilizan tel\u00e9fonos m\u00f3viles como herramientas indispensables para llevar a cabo sus fines&#8221;.<\/p>\n<p>&nbsp;<\/p>\n<p>A partir de ello, el Gobierno dispuso que &#8220;la obligaci\u00f3n de nominar las l\u00edneas telef\u00f3nicas estar\u00e1 en cabeza de los Prestadores de Servicios de Comunicaciones M\u00f3viles de todo el pa\u00eds, quienes deber\u00e1n desarrollar, operar y administrar a su costo los sistemas a implementar&#8221;.<\/p>\n<p>&nbsp;<\/p>\n<p>La resoluci\u00f3n advierte que las empresas deber\u00e1n custodiar &#8220;la informaci\u00f3n de manera segura, auditada y perdurable, debiendo la misma estar disponible para el eventual requerimiento del Poder Judicial y\/o ministerio P\u00fablico&#8221;.<\/p>\n<p>&nbsp;<\/p>\n<p>En julio pasado, el ministro de Comunicaciones, Oscar Aguad, y su par de Seguridad, Patricia Bullrich, encabezaron la primera reuni\u00f3n de trabajo sobre este tema junto al Secretario de TICs, H\u00e9ctor Huici; el presidente de ENACOM, Miguel de Godoy; Julio Carlos Porras, de Claro; Federico Rava de Telef\u00f3nica de Argentina y Alejandro Quiroga L\u00f3pez de Telecom Argentina.<\/p>\n<p>&nbsp;<\/p>\n<p>En aquella oportunidad, los representantes de las empresas prestadoras del servicio se comprometieron a colaborar con las medidas necesarias para identificar a sus clientes particularmente aquellos con l\u00ednea prepaga.<\/p>\n","protected":false},"excerpt":{"rendered":"<p>El &#8220;Registro de Identidad de Usuarios del Servicio de Comunicaciones M\u00f3viles&#8221; qued\u00f3 oficializado este jueves con la publicaci\u00f3n de una resoluci\u00f3n conjunta de los Ministerios de Seguridad y Comunicaciones &nbsp; &nbsp; &nbsp; &nbsp; &nbsp; &nbsp; Desde mediados de a\u00f1o el gobierno de Mauricio Macri ven\u00eda trabajando junto a las empresas prestadoras del servicio de telefon\u00eda m\u00f3vil en la confecci\u00f3n de un &#8220;Registro de Identidad de Usuarios del Servicio de Comunicaciones M\u00f3viles&#8221;. Finalmente este jueves su creaci\u00f3n qued\u00f3 sellada a trav\u00e9s de su publicaci\u00f3n en el Bolet\u00edn Oficial con la Resoluci\u00f3n&#8230;<\/p>\n","protected":false},"author":3,"featured_media":4239,"comment_status":"closed","ping_status":"closed","sticky":false,"template":"","format":"standard","meta":[],"categories":[2],"tags":[],"_links":{"self":[{"href":"https:\/\/www.actualidadadiario.com\/index.php\/wp-json\/wp\/v2\/posts\/4238"}],"collection":[{"href":"https:\/\/www.actualidadadiario.com\/index.php\/wp-json\/wp\/v2\/posts"}],"about":[{"href":"https:\/\/www.actualidadadiario.com\/index.php\/wp-json\/wp\/v2\/types\/post"}],"author":[{"embeddable":true,"href":"https:\/\/www.actualidadadiario.com\/index.php\/wp-json\/wp\/v2\/users\/3"}],"replies":[{"embeddable":true,"href":"https:\/\/www.actualidadadiario.com\/index.php\/wp-json\/wp\/v2\/comments?post=4238"}],"version-history":[{"count":1,"href":"https:\/\/www.actualidadadiario.com\/index.php\/wp-json\/wp\/v2\/posts\/4238\/revisions"}],"predecessor-version":[{"id":4240,"href":"https:\/\/www.actualidadadiario.com\/index.php\/wp-json\/wp\/v2\/posts\/4238\/revisions\/4240"}],"wp:featuredmedia":[{"embeddable":true,"href":"https:\/\/www.actualidadadiario.com\/index.php\/wp-json\/wp\/v2\/media\/4239"}],"wp:attachment":[{"href":"https:\/\/www.actualidadadiario.com\/index.php\/wp-json\/wp\/v2\/media?parent=4238"}],"wp:term":[{"taxonomy":"category","embeddable":true,"href":"https:\/\/www.actualidadadiario.com\/index.php\/wp-json\/wp\/v2\/categories?post=4238"},{"taxonomy":"post_tag","embeddable":true,"href":"https:\/\/www.actualidadadiario.com\/index.php\/wp-json\/wp\/v2\/tags?post=4238"}],"curies":[{"name":"wp","href":"https:\/\/api.w.org\/{rel}","templated":true}]}}