{"id":4228,"date":"2016-11-09T09:37:57","date_gmt":"2016-11-09T12:37:57","guid":{"rendered":"http:\/\/actualidadadiario.com\/site\/?p=4228"},"modified":"2016-11-09T09:37:57","modified_gmt":"2016-11-09T12:37:57","slug":"este-jueves-se-presenta-el-informe-responsabilidad-empresarial-en-delitos-de-lesa-humanidad","status":"publish","type":"post","link":"https:\/\/www.actualidadadiario.com\/index.php\/2016\/11\/09\/este-jueves-se-presenta-el-informe-responsabilidad-empresarial-en-delitos-de-lesa-humanidad\/","title":{"rendered":"Este jueves se presenta el informe Responsabilidad empresarial en delitos de lesa humanidad"},"content":{"rendered":"<p><em><strong>La Subsecretar\u00eda de Derechos Humanos de la Provincia de Entre R\u00edos y la Facultad de Humanidades Artes y Ciencias Sociales (FHAyCS -Uader) convocaron a la presentaci\u00f3n de un informe clave a la hora de entender la complicidad civil durante el terrorismo de Estado<\/strong><\/em><\/p>\n<p>&nbsp;<\/p>\n<p>&nbsp;<\/p>\n<p>&nbsp;<\/p>\n<p>&nbsp;<\/p>\n<p>&nbsp;<\/p>\n<p>&nbsp;<\/p>\n<p>&nbsp;<\/p>\n<p>La cita ser\u00e1 este jueves 10 de noviembre, a las 19, en el Aula de la Memoria de la FHAyCS (Esc. Normal), con un panel integrado por Andrea Copani, Historiadora e Investigadora de la UBA; Mar\u00eda Laura Fabrizio, Antrop\u00f3loga e Investigadora de la UBA; Alejandro Jasinski, Historiador e Investigador del Programa Verdad y Justicia; Sebanti\u00e1n Blanchard, Abogado del CELS; y el Subsecretario de Derechos Humanos, Mat\u00edas Germano.<\/p>\n<p>&nbsp;<\/p>\n<p>Ser\u00e1 un momento oportuno para conocer, debatir y aportar ideas sobre el plano econ\u00f3mico de nuestro pasado y presente, fundamental para consolidar la construcci\u00f3n de la Memoria, la Verdad y la Justicia.<\/p>\n<p>&nbsp;<\/p>\n<p>&nbsp;<\/p>\n<p>&nbsp;<\/p>\n<p>&nbsp;<\/p>\n<p>&nbsp;<\/p>\n<p>&nbsp;<\/p>\n<p><strong>La investigaci\u00f3n<\/strong><\/p>\n<p>\u201cEste documento estudia la responsabilidad que tuvo un sector del empresariado nacional y extranjero en las violaciones a los derechos humanos cometidas durante la \u00faltima dictadura argentina. El trabajo se ubica en el campo de las investigaciones sobre las responsabilidades civiles en el terrorismo de Estado y analiza el rol de los cuadros empresariales (due\u00f1os, miembros de direcci\u00f3n y otros jer\u00e1rquicos) en la comisi\u00f3n de delitos de lesa humanidad sufridos por trabajadores y trabajadoras. Este informe es el resultado de un esfuerzo compartido por el Programa Verdad y Justicia y la Secretar\u00eda de Derechos Humanos, ambos pertenecientes al Ministerio de Justicia y Derechos Humanos de la Naci\u00f3n, el CELS, y el \u00c1rea de Econom\u00eda y Tecnolog\u00eda de FLACSO. El colectivo de trabajo, compuesto por abogados, historiadores, soci\u00f3logos y antrop\u00f3logos, funcion\u00f3 durante un a\u00f1o y medio aproximadamente, en dos instancias conectadas: una mesa de coordinaci\u00f3n y un equipo de investigaci\u00f3n.<\/p>\n<p>&nbsp;<\/p>\n<p>A partir de distintos criterios de selecci\u00f3n, se convino realizar 22 informes donde se investiga a las siguientes 25 empresas: Minera El Aguilar, La Veloz del Norte, Grafanor, ingenios Ledesma, La Fronterita y Concepci\u00f3n (NOA); Alpargatas, Molinos R\u00edo de la Plata, Swift, Propulsora Sider\u00fargica, Astillero R\u00edo Santiago y Petroqu\u00edmica Sudamericana (cordones del conurbano sur bonaerense); Grafa, Ford, Mercedes-Benz, Lozadur y Catt\u00e1neo, astilleros Astarsa y Mestrina, D\u00e1lmine-Siderca y Acindar (norte y oeste de la provincia de Buenos Aires y sur de Santa Fe); FIAT (zona Centro); Las Mar\u00edas (NEA); y Loma Negra y La Nueva Provincia (interior de Buenos Aires). Actualmente, casi todas estas empresas est\u00e1n siendo investigadas judicialmente, con distintos tipos de estado y alcance. Algunas causas tienen imputados a due\u00f1os o cuadros empresariales, al tiempo que en otras los imputados son militares. Tambi\u00e9n existen causas que incluyen casos de obreros v\u00edctimas de delitos de lesa humanidad como parte de un cuerpo de v\u00edctimas m\u00e1s numeroso y heterog\u00e9neo. Actualmente, el caso m\u00e1s avanzado contra un empresario es el de La Veloz del Norte de Salta, cuyo ex due\u00f1o, Marcos Lev\u00edn, se encuentra enfrentando el juicio oral y p\u00fablico\u201d.<\/p>\n","protected":false},"excerpt":{"rendered":"<p>La Subsecretar\u00eda de Derechos Humanos de la Provincia de Entre R\u00edos y la Facultad de Humanidades Artes y Ciencias Sociales (FHAyCS -Uader) convocaron a la presentaci\u00f3n de un informe clave a la hora de entender la complicidad civil durante el terrorismo de Estado &nbsp; &nbsp; &nbsp; &nbsp; &nbsp; &nbsp; &nbsp; La cita ser\u00e1 este jueves 10 de noviembre, a las 19, en el Aula de la Memoria de la FHAyCS (Esc. Normal), con un panel integrado por Andrea Copani, Historiadora e Investigadora de la UBA; Mar\u00eda Laura Fabrizio, Antrop\u00f3loga e&#8230;<\/p>\n","protected":false},"author":3,"featured_media":4229,"comment_status":"closed","ping_status":"closed","sticky":false,"template":"","format":"standard","meta":[],"categories":[15],"tags":[],"_links":{"self":[{"href":"https:\/\/www.actualidadadiario.com\/index.php\/wp-json\/wp\/v2\/posts\/4228"}],"collection":[{"href":"https:\/\/www.actualidadadiario.com\/index.php\/wp-json\/wp\/v2\/posts"}],"about":[{"href":"https:\/\/www.actualidadadiario.com\/index.php\/wp-json\/wp\/v2\/types\/post"}],"author":[{"embeddable":true,"href":"https:\/\/www.actualidadadiario.com\/index.php\/wp-json\/wp\/v2\/users\/3"}],"replies":[{"embeddable":true,"href":"https:\/\/www.actualidadadiario.com\/index.php\/wp-json\/wp\/v2\/comments?post=4228"}],"version-history":[{"count":1,"href":"https:\/\/www.actualidadadiario.com\/index.php\/wp-json\/wp\/v2\/posts\/4228\/revisions"}],"predecessor-version":[{"id":4230,"href":"https:\/\/www.actualidadadiario.com\/index.php\/wp-json\/wp\/v2\/posts\/4228\/revisions\/4230"}],"wp:featuredmedia":[{"embeddable":true,"href":"https:\/\/www.actualidadadiario.com\/index.php\/wp-json\/wp\/v2\/media\/4229"}],"wp:attachment":[{"href":"https:\/\/www.actualidadadiario.com\/index.php\/wp-json\/wp\/v2\/media?parent=4228"}],"wp:term":[{"taxonomy":"category","embeddable":true,"href":"https:\/\/www.actualidadadiario.com\/index.php\/wp-json\/wp\/v2\/categories?post=4228"},{"taxonomy":"post_tag","embeddable":true,"href":"https:\/\/www.actualidadadiario.com\/index.php\/wp-json\/wp\/v2\/tags?post=4228"}],"curies":[{"name":"wp","href":"https:\/\/api.w.org\/{rel}","templated":true}]}}