{"id":42251,"date":"2019-03-21T09:58:57","date_gmt":"2019-03-21T12:58:57","guid":{"rendered":"https:\/\/www.actualidadadiario.com\/?p=42251"},"modified":"2019-05-06T20:53:09","modified_gmt":"2019-05-06T23:53:09","slug":"la-fifa-intimo-al-cardiff-a-pagar-el-pase-de-emiliano-sala","status":"publish","type":"post","link":"https:\/\/www.actualidadadiario.com\/index.php\/2019\/03\/21\/la-fifa-intimo-al-cardiff-a-pagar-el-pase-de-emiliano-sala\/","title":{"rendered":"La FIFA intim\u00f3 al Cardiff a pagar el pase de Emiliano Sala"},"content":{"rendered":"\n<p><strong><em>El delantero argentino falleci\u00f3 en un accidente a\u00e9reo en el Canal de la Mancha<\/em><\/strong><\/p>\n\n\n\n<p><\/p>\n\n\n\n<p><\/p>\n\n\n\n<p>La FIFA intim\u00f3 en las \u00faltimas horas al Cardiff de la Premier\nLeague brit\u00e1nica a que abone a Nantes de Francia la primera cuota de la\ntransferencia del fallecido delantero argentino Emiliano Sala, v\u00edctima de un accidente\na\u00e9reo en enero pasado.<\/p>\n\n\n\n<p>La entidad que regula los destinos del f\u00fatbol mundial le dio\nun plazo de dos semanas para que deposite una suma cercana a los 6 millones de\neuros.<\/p>\n\n\n\n<p>La instituci\u00f3n galesa deber\u00eda haber pagado ese monto antes\ndel 26 de enero, seg\u00fan el acuerdo al que hab\u00edan arribado entre los dos clubes.\nPero las &#8220;dudosas circunstancias&#8221; de la muerte del atacante criado en\nla localidad santafesina de Progreso incidieron en el hecho de que Cardiff no\nefectuara la transferencia de dinero hacia el Nantes. <\/p>\n\n\n\n<p>La entidad compradora deber\u00e1 ahora cumplir con los pagos, en\nun monto total de 17 millones de euros, para no exponerse a eventuales\nsanciones, que hasta incluye quita de puntos en la Premier League.<\/p>\n\n\n\n<p>En otro orden, a partir del accidente que sufri\u00f3 Emiliano en\nlas inmediaciones del Canal de la Mancha cuando viajaba de Nantes a Cardiff en\nuna avioneta privada, el organismo que representa a las compa\u00f1\u00edas de vuelo\ncharter en Reino Unido solicit\u00f3 a los reguladores de aviaci\u00f3n que efect\u00faen\n&#8220;m\u00e1s investigaciones&#8221;. <\/p>\n\n\n\n<p>El acento est\u00e1 puesto en &#8220;los vuelos que\nprecedieron&#8221; al accidente a\u00e9reo en el que muri\u00f3 Sala el pasado lunes 21 de\nenero, seg\u00fan indic\u00f3 un informe de la BBC.<\/p>\n\n\n\n<p>A la Air Charter Association (Baca) le preocupa el\ncronograma de horario de &#8220;vuelos organizados por las personas que est\u00e1n\ndetr\u00e1s del acuerdo de varios millones de libras&#8221; para transferir a Sala\ndel Nantes al Cardiff. Solicitar\u00e1n que act\u00fae la Autoridad de Aviaci\u00f3n Civil\n(CAA).<\/p>\n\n\n\n<p>Los investigadores de accidentes a\u00e9reos todav\u00eda analizan por\nqu\u00e9 el avi\u00f3n Piper Malibu que llevaba a Sala, de 28 a\u00f1os, a Cardiff para su\nprimer entrenamiento se estrell\u00f3 en el Canal de la Mancha.<\/p>\n","protected":false},"excerpt":{"rendered":"<p>El delantero argentino falleci\u00f3 en un accidente a\u00e9reo en el Canal de la Mancha La FIFA intim\u00f3 en las \u00faltimas horas al Cardiff de la Premier League brit\u00e1nica a que abone a Nantes de Francia la primera cuota de la transferencia del fallecido delantero argentino Emiliano Sala, v\u00edctima de un accidente a\u00e9reo en enero pasado. La entidad que regula los destinos del f\u00fatbol mundial le dio un plazo de dos semanas para que deposite una suma cercana a los 6 millones de euros. La instituci\u00f3n galesa deber\u00eda haber pagado ese&#8230;<\/p>\n","protected":false},"author":3,"featured_media":42252,"comment_status":"closed","ping_status":"closed","sticky":false,"template":"","format":"standard","meta":[],"categories":[4],"tags":[],"_links":{"self":[{"href":"https:\/\/www.actualidadadiario.com\/index.php\/wp-json\/wp\/v2\/posts\/42251"}],"collection":[{"href":"https:\/\/www.actualidadadiario.com\/index.php\/wp-json\/wp\/v2\/posts"}],"about":[{"href":"https:\/\/www.actualidadadiario.com\/index.php\/wp-json\/wp\/v2\/types\/post"}],"author":[{"embeddable":true,"href":"https:\/\/www.actualidadadiario.com\/index.php\/wp-json\/wp\/v2\/users\/3"}],"replies":[{"embeddable":true,"href":"https:\/\/www.actualidadadiario.com\/index.php\/wp-json\/wp\/v2\/comments?post=42251"}],"version-history":[{"count":1,"href":"https:\/\/www.actualidadadiario.com\/index.php\/wp-json\/wp\/v2\/posts\/42251\/revisions"}],"predecessor-version":[{"id":42253,"href":"https:\/\/www.actualidadadiario.com\/index.php\/wp-json\/wp\/v2\/posts\/42251\/revisions\/42253"}],"wp:featuredmedia":[{"embeddable":true,"href":"https:\/\/www.actualidadadiario.com\/index.php\/wp-json\/wp\/v2\/media\/42252"}],"wp:attachment":[{"href":"https:\/\/www.actualidadadiario.com\/index.php\/wp-json\/wp\/v2\/media?parent=42251"}],"wp:term":[{"taxonomy":"category","embeddable":true,"href":"https:\/\/www.actualidadadiario.com\/index.php\/wp-json\/wp\/v2\/categories?post=42251"},{"taxonomy":"post_tag","embeddable":true,"href":"https:\/\/www.actualidadadiario.com\/index.php\/wp-json\/wp\/v2\/tags?post=42251"}],"curies":[{"name":"wp","href":"https:\/\/api.w.org\/{rel}","templated":true}]}}