{"id":4225,"date":"2016-11-09T09:37:11","date_gmt":"2016-11-09T12:37:11","guid":{"rendered":"http:\/\/actualidadadiario.com\/site\/?p=4225"},"modified":"2016-11-09T09:37:11","modified_gmt":"2016-11-09T12:37:11","slug":"se-creo-el-departamento-de-gestion-de-cobranzas-de-ater","status":"publish","type":"post","link":"https:\/\/www.actualidadadiario.com\/index.php\/2016\/11\/09\/se-creo-el-departamento-de-gestion-de-cobranzas-de-ater\/","title":{"rendered":"Se cre\u00f3 el departamento de Gesti\u00f3n de Cobranzas de ATER"},"content":{"rendered":"<p><em><strong>Su objetivo es promover un \u201cabordaje integral de la gesti\u00f3n de cartera en mora\u201d del organismo. Adem\u00e1s deber\u00e1 impulsar medidas que incentiven el cumplimiento voluntario y garantizar el seguimiento y control de los planes de pago suscriptos, entre otras acciones<\/strong><\/em><\/p>\n<p>&nbsp;<\/p>\n<p>&nbsp;<\/p>\n<p>&nbsp;<\/p>\n<p>&nbsp;<\/p>\n<p>&nbsp;<\/p>\n<p>El nuevo Departamento de la Administradora Tributaria de Entre R\u00edos (ATER), denominado Gesti\u00f3n de Cobranzas, se cre\u00f3 a trav\u00e9s de la Resoluci\u00f3n N\u00ba 364 del organismo que encabeza Sergio Granetto, que tiene fecha del 20 de octubre pasado.<\/p>\n<p>&nbsp;<\/p>\n<p>La norma tambi\u00e9n aprueba la Estructura Org\u00e1nica del Departamento. En ese texto se indica que la responsabilidad primaria del Departamento ser\u00e1 \u201cpromover un abordaje integral de la gesti\u00f3n de cartera en mora del organismo, minimizando el efecto que genera la compartimentaci\u00f3n de los procesos, permitiendo la integraci\u00f3n de los circuitos y procedimientos administrativos que posibiliten una gesti\u00f3n eficaz y eficiente de la mora\u201d.<\/p>\n<p>&nbsp;<\/p>\n<p>Asimismo se enumera una serie de acciones que deber\u00e1 llevar adelante el Departamento, entre ellas \u201cpromover medidas que incentiven el cumplimiento voluntario por parte del contribuyente, acercando herramientas que beneficien a aquellos que demuestren fehaciente voluntad de pago\u201d; y \u201cgarantizar el seguimiento y control de los planes de pago suscriptos, observando y generando indicadores que aporten al an\u00e1lisis de la morosidad y caducidad de dichos planes, proponiendo adecuaciones y modificaciones a las opciones de planes de facilidades de pago vigentes\u201d.<\/p>\n<p>&nbsp;<\/p>\n<p>Tambi\u00e9n deber\u00e1 \u201chomogeneizar criterios de gesti\u00f3n de la mora en todas las representaciones territoriales y verificar su ejecuci\u00f3n\u201d; y \u201cestablecer el monitoreo y seguimiento permanente en cada representaci\u00f3n territorial de los grandes contribuyentes, definidos en cada caso y para cada tributo, controlando y dando cuenta del cumplimiento de todas las acciones de cobro, as\u00ed como de los distintos segmentos que en un futuro se implementen\u201d.<\/p>\n<p>&nbsp;<\/p>\n<p>Otra de las acciones que se mencionan es \u201cpromover la utilizaci\u00f3n de los canales electr\u00f3nicos para la gesti\u00f3n de la mora, integrando y comunicando al contribuyente tanto de los distintos medios de pago disponibles, como de las posibilidades de suscribir facilidades de pago\u201d.<\/p>\n<p>&nbsp;<\/p>\n<p>Se indica que tendr\u00e1 que \u201cproponer medidas tendientes a mejorar la base de datos del organismo, sobre todo en lo referido a los procesos de captaci\u00f3n de datos, aportando a la mayor calidad en la informaci\u00f3n, y haciendo m\u00e1s eficaces las notificaciones de las instancias de cobro\u201d.<\/p>\n<p>&nbsp;<\/p>\n<p>Por \u00faltimo, se se\u00f1ala que el nuevo Departamento tendr\u00e1 dependencia funcional del Director del Interior y que mantendr\u00e1 \u201crelaci\u00f3n directa, salvo cuando el Director del Interior deba emitir opini\u00f3n, con las Direcciones y Subdirecciones de la Administradora Tributaria y con otros Organismos del Poder Ejecutivo del mismo nivel jer\u00e1rquico\u201d.<\/p>\n","protected":false},"excerpt":{"rendered":"<p>Su objetivo es promover un \u201cabordaje integral de la gesti\u00f3n de cartera en mora\u201d del organismo. Adem\u00e1s deber\u00e1 impulsar medidas que incentiven el cumplimiento voluntario y garantizar el seguimiento y control de los planes de pago suscriptos, entre otras acciones &nbsp; &nbsp; &nbsp; &nbsp; &nbsp; El nuevo Departamento de la Administradora Tributaria de Entre R\u00edos (ATER), denominado Gesti\u00f3n de Cobranzas, se cre\u00f3 a trav\u00e9s de la Resoluci\u00f3n N\u00ba 364 del organismo que encabeza Sergio Granetto, que tiene fecha del 20 de octubre pasado. &nbsp; La norma tambi\u00e9n aprueba la Estructura&#8230;<\/p>\n","protected":false},"author":3,"featured_media":4226,"comment_status":"closed","ping_status":"closed","sticky":false,"template":"","format":"standard","meta":[],"categories":[15],"tags":[],"_links":{"self":[{"href":"https:\/\/www.actualidadadiario.com\/index.php\/wp-json\/wp\/v2\/posts\/4225"}],"collection":[{"href":"https:\/\/www.actualidadadiario.com\/index.php\/wp-json\/wp\/v2\/posts"}],"about":[{"href":"https:\/\/www.actualidadadiario.com\/index.php\/wp-json\/wp\/v2\/types\/post"}],"author":[{"embeddable":true,"href":"https:\/\/www.actualidadadiario.com\/index.php\/wp-json\/wp\/v2\/users\/3"}],"replies":[{"embeddable":true,"href":"https:\/\/www.actualidadadiario.com\/index.php\/wp-json\/wp\/v2\/comments?post=4225"}],"version-history":[{"count":1,"href":"https:\/\/www.actualidadadiario.com\/index.php\/wp-json\/wp\/v2\/posts\/4225\/revisions"}],"predecessor-version":[{"id":4227,"href":"https:\/\/www.actualidadadiario.com\/index.php\/wp-json\/wp\/v2\/posts\/4225\/revisions\/4227"}],"wp:featuredmedia":[{"embeddable":true,"href":"https:\/\/www.actualidadadiario.com\/index.php\/wp-json\/wp\/v2\/media\/4226"}],"wp:attachment":[{"href":"https:\/\/www.actualidadadiario.com\/index.php\/wp-json\/wp\/v2\/media?parent=4225"}],"wp:term":[{"taxonomy":"category","embeddable":true,"href":"https:\/\/www.actualidadadiario.com\/index.php\/wp-json\/wp\/v2\/categories?post=4225"},{"taxonomy":"post_tag","embeddable":true,"href":"https:\/\/www.actualidadadiario.com\/index.php\/wp-json\/wp\/v2\/tags?post=4225"}],"curies":[{"name":"wp","href":"https:\/\/api.w.org\/{rel}","templated":true}]}}