{"id":42248,"date":"2019-03-21T09:58:14","date_gmt":"2019-03-21T12:58:14","guid":{"rendered":"https:\/\/www.actualidadadiario.com\/?p=42248"},"modified":"2019-05-06T20:56:14","modified_gmt":"2019-05-06T23:56:14","slug":"caso-dalessio-ramos-padilla-expondra-ante-los-legisladores-de-la-bicameral-de-inteligencia","status":"publish","type":"post","link":"https:\/\/www.actualidadadiario.com\/index.php\/2019\/03\/21\/caso-dalessio-ramos-padilla-expondra-ante-los-legisladores-de-la-bicameral-de-inteligencia\/","title":{"rendered":"Caso D&#8217;Alessio: Ramos Padilla expondr\u00e1 ante los legisladores de la Bicameral de Inteligencia"},"content":{"rendered":"\n<p><strong><em>El juez federal de Dolores, Alejo Ramos Padilla, fue convocado para exponer hoy ante la Comisi\u00f3n Bicameral de Fiscalizaci\u00f3n de los Organismos y Actividades de Inteligencia que preside Cambiemos. La citaci\u00f3n del magistrado fue a pedido suyo y ser\u00e1 a puertas cerradas desde las 11 en el edificio anexo de la C\u00e1mara de Senadores<\/em><\/strong><\/p>\n\n\n\n<p><\/p>\n\n\n\n<p><\/p>\n\n\n\n<p>Luego de esta reuni\u00f3n, los senadores y diputados que\nintegran la Bicameral conducida por el senador Juan Carlos Marino, resolver\u00e1n\nla fecha en que se invitar\u00e1 al jefe de la Agencia Federal de Inteligencia\n(AFI), Gustavo Arribas.<\/p>\n\n\n\n<p>El juez federal de Dolores tiene a su cargo una causa por\nsupuesta extorsi\u00f3n, que involucra al fiscal a cargo de la causa de los\ncuadernos de las coimas con la obra p\u00fablica, Carlos Stornelli.<\/p>\n\n\n\n<p>Seg\u00fan la denuncia del productor rural Pedro Etchebest,\nMarcelo D&#8217;Alessio -supuesto emisario del fiscal Carlos E. Stornelli- le pidi\u00f3\ndinero para no involucrarlo en la causa en la que se investiga la cartelizaci\u00f3n\nde la obra p\u00fablica durante el kirchnerismo; pesquisa que instruye el juez\nfederal Claudio Bonadio.<\/p>\n","protected":false},"excerpt":{"rendered":"<p>El juez federal de Dolores, Alejo Ramos Padilla, fue convocado para exponer hoy ante la Comisi\u00f3n Bicameral de Fiscalizaci\u00f3n de los Organismos y Actividades de Inteligencia que preside Cambiemos. La citaci\u00f3n del magistrado fue a pedido suyo y ser\u00e1 a puertas cerradas desde las 11 en el edificio anexo de la C\u00e1mara de Senadores Luego de esta reuni\u00f3n, los senadores y diputados que integran la Bicameral conducida por el senador Juan Carlos Marino, resolver\u00e1n la fecha en que se invitar\u00e1 al jefe de la Agencia Federal de Inteligencia (AFI), Gustavo&#8230;<\/p>\n","protected":false},"author":3,"featured_media":42249,"comment_status":"closed","ping_status":"closed","sticky":false,"template":"","format":"standard","meta":[],"categories":[18],"tags":[],"_links":{"self":[{"href":"https:\/\/www.actualidadadiario.com\/index.php\/wp-json\/wp\/v2\/posts\/42248"}],"collection":[{"href":"https:\/\/www.actualidadadiario.com\/index.php\/wp-json\/wp\/v2\/posts"}],"about":[{"href":"https:\/\/www.actualidadadiario.com\/index.php\/wp-json\/wp\/v2\/types\/post"}],"author":[{"embeddable":true,"href":"https:\/\/www.actualidadadiario.com\/index.php\/wp-json\/wp\/v2\/users\/3"}],"replies":[{"embeddable":true,"href":"https:\/\/www.actualidadadiario.com\/index.php\/wp-json\/wp\/v2\/comments?post=42248"}],"version-history":[{"count":1,"href":"https:\/\/www.actualidadadiario.com\/index.php\/wp-json\/wp\/v2\/posts\/42248\/revisions"}],"predecessor-version":[{"id":42250,"href":"https:\/\/www.actualidadadiario.com\/index.php\/wp-json\/wp\/v2\/posts\/42248\/revisions\/42250"}],"wp:featuredmedia":[{"embeddable":true,"href":"https:\/\/www.actualidadadiario.com\/index.php\/wp-json\/wp\/v2\/media\/42249"}],"wp:attachment":[{"href":"https:\/\/www.actualidadadiario.com\/index.php\/wp-json\/wp\/v2\/media?parent=42248"}],"wp:term":[{"taxonomy":"category","embeddable":true,"href":"https:\/\/www.actualidadadiario.com\/index.php\/wp-json\/wp\/v2\/categories?post=42248"},{"taxonomy":"post_tag","embeddable":true,"href":"https:\/\/www.actualidadadiario.com\/index.php\/wp-json\/wp\/v2\/tags?post=42248"}],"curies":[{"name":"wp","href":"https:\/\/api.w.org\/{rel}","templated":true}]}}