{"id":42245,"date":"2019-03-21T09:57:32","date_gmt":"2019-03-21T12:57:32","guid":{"rendered":"https:\/\/www.actualidadadiario.com\/?p=42245"},"modified":"2019-05-06T20:54:54","modified_gmt":"2019-05-06T23:54:54","slug":"el-jueves-21-sera-la-primera-reunion-del-ano-de-la-conduccion-de-la-cgt","status":"publish","type":"post","link":"https:\/\/www.actualidadadiario.com\/index.php\/2019\/03\/21\/el-jueves-21-sera-la-primera-reunion-del-ano-de-la-conduccion-de-la-cgt\/","title":{"rendered":"El jueves 21 ser\u00e1 la primera reuni\u00f3n del a\u00f1o de la conducci\u00f3n de la CGT"},"content":{"rendered":"\n<p><strong><em>Los secretarios se debaten entre una marcha de protesta y un acuerdo con el oficialismo<\/em><\/strong><\/p>\n\n\n\n<p><\/p>\n\n\n\n<p><\/p>\n\n\n\n<p>La central obrera peronista tendr\u00e1 este jueves a las 14 su\nprimera reuni\u00f3n del 2019 del Consejo Directivo en la hist\u00f3rica sede de\nAzopardo. La agenda incluye la negociaci\u00f3n con el gobierno por la salud y el\nblanqueo laboral y una marcha de protesta para el 4 de abril. El encuentro fue\nconfirmado formalmente y chequeado por este medio con los responsables de la\nsecretar\u00eda general que hoy comparten H\u00e9ctor Daer y Carlos Acu\u00f1a. <\/p>\n\n\n\n<p>En las \u00faltimas semanas, secretarios de primera l\u00ednea\navisaban que la reuni\u00f3n se concretar\u00eda, pero el encuentro no se confirmaba. La\nraz\u00f3n era, seg\u00fan indican integrantes de la mesa chica que conduce en los hechos\nla CGT, algunas diferencias internas entre los gremios que quieren redoblar la\npresi\u00f3n en las calles y los que propician un acuerdo con el Gobierno.<\/p>\n\n\n\n<p>En la mesa de discusi\u00f3n con el oficialismo, golpeado por los\nmalos resultados econ\u00f3micos, est\u00e1 el dinero de las obras sociales, la creaci\u00f3n\nde una agencia sobre tecnolog\u00edas de la salud y el blanqueo laboral. La\ndebilidad del Gobierno queda evidenciada porque estos elementos eran las\n\u201czanahorias\u201d que incluy\u00f3 el oficialismo en el frustrado paquete de reforma\nlaboral. De lado quedaron las propuestas m\u00e1s espinosas como los cambios en el\nr\u00e9gimen de despidos o los convenios laborales. <\/p>\n\n\n\n<p>En paralelo a esta negociaci\u00f3n, crece la presi\u00f3n de los\ngremios afectados por suspensiones, despidos y bajas en el ingreso real que\npiden redoblar la presi\u00f3n en las calles. El caso m\u00e1s claro es el de los\nindustriales que hace dos semanas se reunieron en la sede cegetista de Azopardo\ncon representantes de PyMES y acordaron una marcha de protesta para el pr\u00f3ximo\n4 de abril. Esa reuni\u00f3n fue acompa\u00f1ada por Daer, Acu\u00f1a y Andr\u00e9s Rodr\u00edguez,\nquien ocupa el cargo de secretario adjunto de la central.<\/p>\n\n\n\n<p>Adem\u00e1s de las presiones internas est\u00e1n los movimientos fuera\nde la central, con la Corriente Federal, el Frente Sindical y las CTA elevando\nel tono de sus cr\u00edticas al Gobierno y los cuestionamientos a la CGT. Sin\nembargo, seg\u00fan indic\u00f3 una figura clave del mundo gremial, \u201ctodos hablan en la\ntele y nadie organiza nada\u201d. El dato es importante, porque casi todas las voces\ncoinciden en que el margen para las protestas se reducir\u00e1 una vez que se\ndefinan en junio las candidaturas. <\/p>\n\n\n\n<p>En ese punto, todas las energ\u00edas ser\u00e1n volcadas en la\ncampa\u00f1a y cualquier acci\u00f3n disruptiva podr\u00eda convertirse en man\u00e1 pol\u00edtico para\nel oficialismo. Est\u00e1 vivo a\u00fan el recuerdo de la marcha que termin\u00f3 en esc\u00e1ndalo\ncon el robo del atril y la huida de los secretarios generales, hace ya dos\na\u00f1os.<\/p>\n","protected":false},"excerpt":{"rendered":"<p>Los secretarios se debaten entre una marcha de protesta y un acuerdo con el oficialismo La central obrera peronista tendr\u00e1 este jueves a las 14 su primera reuni\u00f3n del 2019 del Consejo Directivo en la hist\u00f3rica sede de Azopardo. La agenda incluye la negociaci\u00f3n con el gobierno por la salud y el blanqueo laboral y una marcha de protesta para el 4 de abril. El encuentro fue confirmado formalmente y chequeado por este medio con los responsables de la secretar\u00eda general que hoy comparten H\u00e9ctor Daer y Carlos Acu\u00f1a. En&#8230;<\/p>\n","protected":false},"author":3,"featured_media":42246,"comment_status":"closed","ping_status":"closed","sticky":false,"template":"","format":"standard","meta":[],"categories":[18],"tags":[],"_links":{"self":[{"href":"https:\/\/www.actualidadadiario.com\/index.php\/wp-json\/wp\/v2\/posts\/42245"}],"collection":[{"href":"https:\/\/www.actualidadadiario.com\/index.php\/wp-json\/wp\/v2\/posts"}],"about":[{"href":"https:\/\/www.actualidadadiario.com\/index.php\/wp-json\/wp\/v2\/types\/post"}],"author":[{"embeddable":true,"href":"https:\/\/www.actualidadadiario.com\/index.php\/wp-json\/wp\/v2\/users\/3"}],"replies":[{"embeddable":true,"href":"https:\/\/www.actualidadadiario.com\/index.php\/wp-json\/wp\/v2\/comments?post=42245"}],"version-history":[{"count":1,"href":"https:\/\/www.actualidadadiario.com\/index.php\/wp-json\/wp\/v2\/posts\/42245\/revisions"}],"predecessor-version":[{"id":42247,"href":"https:\/\/www.actualidadadiario.com\/index.php\/wp-json\/wp\/v2\/posts\/42245\/revisions\/42247"}],"wp:featuredmedia":[{"embeddable":true,"href":"https:\/\/www.actualidadadiario.com\/index.php\/wp-json\/wp\/v2\/media\/42246"}],"wp:attachment":[{"href":"https:\/\/www.actualidadadiario.com\/index.php\/wp-json\/wp\/v2\/media?parent=42245"}],"wp:term":[{"taxonomy":"category","embeddable":true,"href":"https:\/\/www.actualidadadiario.com\/index.php\/wp-json\/wp\/v2\/categories?post=42245"},{"taxonomy":"post_tag","embeddable":true,"href":"https:\/\/www.actualidadadiario.com\/index.php\/wp-json\/wp\/v2\/tags?post=42245"}],"curies":[{"name":"wp","href":"https:\/\/api.w.org\/{rel}","templated":true}]}}