{"id":42242,"date":"2019-03-21T09:56:46","date_gmt":"2019-03-21T12:56:46","guid":{"rendered":"https:\/\/www.actualidadadiario.com\/?p=42242"},"modified":"2019-05-06T20:56:19","modified_gmt":"2019-05-06T23:56:19","slug":"carrio-no-tiene-limites-y-ahora-apreto-al-procurador-general-de-la-nacion","status":"publish","type":"post","link":"https:\/\/www.actualidadadiario.com\/index.php\/2019\/03\/21\/carrio-no-tiene-limites-y-ahora-apreto-al-procurador-general-de-la-nacion\/","title":{"rendered":"Carri\u00f3 no tiene l\u00edmites y ahora apret\u00f3 al Procurador General de la Naci\u00f3n"},"content":{"rendered":"\n<p><strong><em>A trav\u00e9s de una carta publicada en su cuenta de Twitter, la legisladora oficialista le envi\u00f3 un mensaje pol\u00edtico de amedrentamiento a Casal, en defensa de Stornelli y atacando por elevaci\u00f3n a Ramos Padilla<\/em><\/strong><\/p>\n\n\n\n<p><\/p>\n\n\n\n<p><\/p>\n\n\n\n<p>Otra vez, la diputada Elisa Carri\u00f3 volvi\u00f3 a hacer gala de\nobtener informaci\u00f3n privilegiada. De la misma forma que en su momento\n&#8220;predijo&#8221; que se estaba &#8220;haciendo una operaci\u00f3n&#8221; contra el\nfiscal Carlos Stornelli por parte del juez Alejo Ramos Padilla, ahora volvi\u00f3 a\nvestirse de pitonisa.<\/p>\n\n\n\n<p>&#8220;El Juez Federal de Dolores, Alejo Ramos Padilla, quien\nresponde a La C\u00e1mpora, estar\u00eda haciendo una operaci\u00f3n para ensuciar al Fiscal\nStornelli. Vamos a poner en conocimiento ma\u00f1ana al Juez de la causa&#8221;,\nhab\u00eda pronosticado.<\/p>\n\n\n\n<p>Esta vez escribi\u00f3 una sugestiva carta dirigida al Procurador\nGeneral de la Naci\u00f3n, Eduardo Ezequiel Casal, donde afirma que &#8220;una\ninfomaci\u00f3n veros\u00edmil que ha llegado a mi conocimiento, el fiscal federal Carlos\nE. Stornelli podr\u00eda ser apartado de la causa popularmente conocida como\n&#8220;causa de los cuadernos'&#8221;.<\/p>\n\n\n\n<p><strong>La carta completa <\/strong><\/p>\n\n\n\n<p><em>Ciudad de Buenos\nAires, 20 de marzo de 2019 <\/em><\/p>\n\n\n\n<p><em>Sr. Procurador General\nde la Naci\u00f3n Dr. Eduardo Ezequiel CASAL <\/em><\/p>\n\n\n\n<p><em>Conforme a una informaci\u00f3n\nveros\u00edmil que ha llegado a mi conocimiento, el fiscal federal Carlos E.\nStornelli podr\u00eda ser apartado de la causa popularmente conocida como\n&#8220;causa de los cuadernos&#8217;, a fin de que ciertos empresarios involucrados en\nla referida causa penal obtengan la aprobaci\u00f3n de un juicio abreviado cuya\nsanci\u00f3n no sea pena de prisi\u00f3n, sino solamente la imposici\u00f3n de una multa. <\/em><\/p>\n\n\n\n<p><em>Si esta situaci\u00f3n se\nconsumara estar\u00edamos frente a un hecho de suma gravedad institucional del que\nme veo obligada a advertir por la presente. <\/em><\/p>\n\n\n\n<p><em>Asimismo, solicito que\nesta nota se incorpore al sumario abierto contra el fiscal federal Carlos E. Stornelli\npara su consideraci\u00f3n. <\/em><\/p>\n\n\n\n<p><em>Sin otro particular,\nlo saludo a usted atentamente.<\/em><\/p>\n","protected":false},"excerpt":{"rendered":"<p>A trav\u00e9s de una carta publicada en su cuenta de Twitter, la legisladora oficialista le envi\u00f3 un mensaje pol\u00edtico de amedrentamiento a Casal, en defensa de Stornelli y atacando por elevaci\u00f3n a Ramos Padilla Otra vez, la diputada Elisa Carri\u00f3 volvi\u00f3 a hacer gala de obtener informaci\u00f3n privilegiada. De la misma forma que en su momento &#8220;predijo&#8221; que se estaba &#8220;haciendo una operaci\u00f3n&#8221; contra el fiscal Carlos Stornelli por parte del juez Alejo Ramos Padilla, ahora volvi\u00f3 a vestirse de pitonisa. &#8220;El Juez Federal de Dolores, Alejo Ramos Padilla, quien&#8230;<\/p>\n","protected":false},"author":3,"featured_media":42243,"comment_status":"closed","ping_status":"closed","sticky":false,"template":"","format":"standard","meta":[],"categories":[18],"tags":[],"_links":{"self":[{"href":"https:\/\/www.actualidadadiario.com\/index.php\/wp-json\/wp\/v2\/posts\/42242"}],"collection":[{"href":"https:\/\/www.actualidadadiario.com\/index.php\/wp-json\/wp\/v2\/posts"}],"about":[{"href":"https:\/\/www.actualidadadiario.com\/index.php\/wp-json\/wp\/v2\/types\/post"}],"author":[{"embeddable":true,"href":"https:\/\/www.actualidadadiario.com\/index.php\/wp-json\/wp\/v2\/users\/3"}],"replies":[{"embeddable":true,"href":"https:\/\/www.actualidadadiario.com\/index.php\/wp-json\/wp\/v2\/comments?post=42242"}],"version-history":[{"count":1,"href":"https:\/\/www.actualidadadiario.com\/index.php\/wp-json\/wp\/v2\/posts\/42242\/revisions"}],"predecessor-version":[{"id":42244,"href":"https:\/\/www.actualidadadiario.com\/index.php\/wp-json\/wp\/v2\/posts\/42242\/revisions\/42244"}],"wp:featuredmedia":[{"embeddable":true,"href":"https:\/\/www.actualidadadiario.com\/index.php\/wp-json\/wp\/v2\/media\/42243"}],"wp:attachment":[{"href":"https:\/\/www.actualidadadiario.com\/index.php\/wp-json\/wp\/v2\/media?parent=42242"}],"wp:term":[{"taxonomy":"category","embeddable":true,"href":"https:\/\/www.actualidadadiario.com\/index.php\/wp-json\/wp\/v2\/categories?post=42242"},{"taxonomy":"post_tag","embeddable":true,"href":"https:\/\/www.actualidadadiario.com\/index.php\/wp-json\/wp\/v2\/tags?post=42242"}],"curies":[{"name":"wp","href":"https:\/\/api.w.org\/{rel}","templated":true}]}}