{"id":42239,"date":"2019-03-21T09:55:55","date_gmt":"2019-03-21T12:55:55","guid":{"rendered":"https:\/\/www.actualidadadiario.com\/?p=42239"},"modified":"2019-05-06T20:51:33","modified_gmt":"2019-05-06T23:51:33","slug":"no-hubo-acuerdo-en-la-ley-de-financiamiento-politico-y-pasa-para-la-semana-proxima","status":"publish","type":"post","link":"https:\/\/www.actualidadadiario.com\/index.php\/2019\/03\/21\/no-hubo-acuerdo-en-la-ley-de-financiamiento-politico-y-pasa-para-la-semana-proxima\/","title":{"rendered":"No hubo acuerdo en la ley de financiamiento pol\u00edtico y pasa para la semana pr\u00f3xima"},"content":{"rendered":"\n<p><strong><em>Hubo diferencias por el l\u00edmite a los aportes privados y la protecci\u00f3n de los medios locales frente a Google y Facebook<\/em><\/strong><\/p>\n\n\n\n<p><\/p>\n\n\n\n<p><\/p>\n\n\n\n<p>La ley de financiamiento electoral volvi\u00f3 a postergarse en\nel Senado porque no lograron saldarse diferencias sobre aspectos importantes de\nla norma como el l\u00edmite de aportes de privados y la posibilidad de establecer\nun cupo para que el 50% de la pauta publicitaria destinada a plataformas de\ninternet sea destinada a sitios period\u00edsticos digitales de producci\u00f3n nacional,\nen lugar que las multinacionales Google y Facebook sean las grandes beneficiadas,\ncomo ocurre actualmente.<\/p>\n\n\n\n<p>Se trata de una propuesta de la Asociaci\u00f3n de Entidades\nPeriod\u00edsticas de Argentina (Adepa) y la Asociaci\u00f3n de Periodismo Digital (APD),\nque hab\u00eda sido tomada por el bloque de Miguel Pichetto pero fue rechazada por\nparte de la bancada de Cambiemos.<\/p>\n\n\n\n<p>El catamarque\u00f1o Dalmacio Mera, que preside la comisi\u00f3n de\nAsuntos Constitucionales -cabecera del tema-, negoci\u00f3 por un lado los reclamos\nde su bloque y el texto final con el macrista Esteban Bullrich, que expres\u00f3 las\nresistencias de cierto sector del macrismo a ponerle l\u00edmites a Google y Facebook.<\/p>\n\n\n\n<p>No s\u00f3lo se trata de una discusi\u00f3n de la orientaci\u00f3n de los\nrecursos p\u00fablicos. Estas plataformas, que no son medios de comunicaci\u00f3n con\neditores responsables, son el veh\u00edculo para la diseminaci\u00f3n de informaci\u00f3n y\nnoticias falsas &#8220;fake news&#8221; con fines de manipular el voto, motivo de\nuna acordada de la C\u00e1mara Nacional Electoral para exigir una legislaci\u00f3n que el\nGobierno se niega a llevar a cabo. <\/p>\n\n\n\n<p>Entre el radicalismo existe una gran voluntad de acompa\u00f1ar\nel proyecto y m\u00e1s a\u00fan desde que este mi\u00e9rcoles Mera incorporara una\nmodificaci\u00f3n que implica reservar una cuota de publicidad para los medios del\ninterior. Se trata de un imperativo urgente para garantizar que provincias\nenteras no se conviertan en desiertos medi\u00e1ticos, con el consecuente impacto\nsobre la calidad de la democracia.<\/p>\n\n\n\n<p>Se sabe que una prensa libre y una justicia independiente\nson los dos pilares sobre los que se construy\u00f3 la democracia republicana y a la\nvez, las herramientas m\u00e1s efectivas para mantener la corrupci\u00f3n bajo control.<\/p>\n\n\n\n<p>Pero no fue el \u00fanico punto a resolver. Tambi\u00e9n hubo debates\nsobre el l\u00edmite a los aportes privados. Un sector plante\u00f3 bajarlos del 5% a un\n2% y acompa\u00f1ar esa decisi\u00f3n de una menor rigidez en la presentaci\u00f3n de los\nbalances. Tambi\u00e9n se discuti\u00f3 la eliminaci\u00f3n de los dos art\u00edculos que prohib\u00edan\ncompetir en las elecciones a dirigentes involucrados en denuncias de d\u00e1divas.<\/p>\n\n\n\n<p>Los jefes de bloque llegaron a la reuni\u00f3n de labor\nparlamentaria sin un texto definitivo, pero la ley de todas maneras se incluy\u00f3\ncomo primer tema del orden del d\u00eda. Mientras las senadoras kirchneristas\nentreten\u00edan la sesi\u00f3n con cuestiones de privilegio, intramuros Cambiemos y el\nPJ intentaron un acuerdo que no fue posible. Volver\u00e1n a intentarlo el mi\u00e9rcoles\na las 9, porque a las 15 visitar\u00e1 el Senado Marcos Pe\u00f1a. <\/p>\n\n\n\n<p>&#8220;Nosotros creemos que tiene que haber un porcentaje\nimportante para medios de las provincias, en virtud de que despu\u00e9s, en el\nfederalismo resquebrajado que tenemos, las propuestas se hacen para la gran\nurbe que representa la zona metropolitana y Buenos Aires&#8221;, se\u00f1al\u00f3 Mera luego\nfrustrarse el tratamiento.<\/p>\n\n\n\n<p>&#8220;Esto para en la mayor\u00eda de las provincias del\ninterior. Una medida como \u00e9sta puede hacer que todos pongan foco en las\nplataformas con contenido, con periodistas y editores que informan a la poblaci\u00f3n&#8221;,\naclar\u00f3.<\/p>\n\n\n\n<p>Cambiemos ya hab\u00eda puesto un freno a la regulaci\u00f3n de los\nmotores de b\u00fasqueda cuando Sergio Massa y Diego Bossio intentaron incluirla en\nla versi\u00f3n de la ley de financiamiento que se iba a discutir en Diputados en\ndiciembre y se aplaz\u00f3, seg\u00fan la versi\u00f3n oficial, por la pirotecnia tuitera de\nElisa Carri\u00f3 contra la ley. Los votos de su bloque no eran decisivos. Ni lo\nser\u00e1n.<\/p>\n","protected":false},"excerpt":{"rendered":"<p>Hubo diferencias por el l\u00edmite a los aportes privados y la protecci\u00f3n de los medios locales frente a Google y Facebook La ley de financiamiento electoral volvi\u00f3 a postergarse en el Senado porque no lograron saldarse diferencias sobre aspectos importantes de la norma como el l\u00edmite de aportes de privados y la posibilidad de establecer un cupo para que el 50% de la pauta publicitaria destinada a plataformas de internet sea destinada a sitios period\u00edsticos digitales de producci\u00f3n nacional, en lugar que las multinacionales Google y Facebook sean las grandes&#8230;<\/p>\n","protected":false},"author":3,"featured_media":42240,"comment_status":"closed","ping_status":"closed","sticky":false,"template":"","format":"standard","meta":[],"categories":[18],"tags":[],"_links":{"self":[{"href":"https:\/\/www.actualidadadiario.com\/index.php\/wp-json\/wp\/v2\/posts\/42239"}],"collection":[{"href":"https:\/\/www.actualidadadiario.com\/index.php\/wp-json\/wp\/v2\/posts"}],"about":[{"href":"https:\/\/www.actualidadadiario.com\/index.php\/wp-json\/wp\/v2\/types\/post"}],"author":[{"embeddable":true,"href":"https:\/\/www.actualidadadiario.com\/index.php\/wp-json\/wp\/v2\/users\/3"}],"replies":[{"embeddable":true,"href":"https:\/\/www.actualidadadiario.com\/index.php\/wp-json\/wp\/v2\/comments?post=42239"}],"version-history":[{"count":1,"href":"https:\/\/www.actualidadadiario.com\/index.php\/wp-json\/wp\/v2\/posts\/42239\/revisions"}],"predecessor-version":[{"id":42241,"href":"https:\/\/www.actualidadadiario.com\/index.php\/wp-json\/wp\/v2\/posts\/42239\/revisions\/42241"}],"wp:featuredmedia":[{"embeddable":true,"href":"https:\/\/www.actualidadadiario.com\/index.php\/wp-json\/wp\/v2\/media\/42240"}],"wp:attachment":[{"href":"https:\/\/www.actualidadadiario.com\/index.php\/wp-json\/wp\/v2\/media?parent=42239"}],"wp:term":[{"taxonomy":"category","embeddable":true,"href":"https:\/\/www.actualidadadiario.com\/index.php\/wp-json\/wp\/v2\/categories?post=42239"},{"taxonomy":"post_tag","embeddable":true,"href":"https:\/\/www.actualidadadiario.com\/index.php\/wp-json\/wp\/v2\/tags?post=42239"}],"curies":[{"name":"wp","href":"https:\/\/api.w.org\/{rel}","templated":true}]}}